{"id":23151,"date":"2024-06-10T10:37:36","date_gmt":"2024-06-10T15:37:36","guid":{"rendered":"https:\/\/sacramentoqr.com\/?p=23151"},"modified":"2024-06-10T15:37:37","modified_gmt":"2024-06-10T15:37:37","slug":"imss-pide-impulsar-lenguaje-en-menores","status":"publish","type":"post","link":"https:\/\/sacramentoqr.com\/?p=23151","title":{"rendered":"IMSS pide impulsar lenguaje en menores"},"content":{"rendered":"<p>Especialistas del Instituto Mexicano del Seguro Social (IMSS) recomiendan impulsar de manera temprana en ni\u00f1as y ni\u00f1os una comunicaci\u00f3n efectiva, a fin de prevenir trastornos del lenguaje que lleguen a presentarse en cualquier etapa de la vida.<\/p>\n<p>\u00d3scar David Jim\u00e9nez Ch\u00e1vez, fonoaudi\u00f3logo adscrito a la Unidad de Medicina F\u00edsica y Rehabilitaci\u00f3n Centro (UMFyRC) del IMSS, coment\u00f3 que la terapia de lenguaje es el \u00e1rea donde se da tratamiento a dificultades que presenta la persona para comunicarse de manera oral o escrita en cualquier etapa de la vida debido a padecimientos cong\u00e9nitos o adquiridos que afectan la estructura y\/o funci\u00f3n de \u00f3rganos involucrados en la comunicaci\u00f3n humana.<\/p>\n<p>Enfatiz\u00f3 que las afecciones pueden ser a la adquisici\u00f3n del lenguaje, a la adecuada articulaci\u00f3n de sonidos (fonemas) que conforman las palabras dichas; es decir, fallas al combinar las palabras para expresar las ideas, trastorno del habla, lenguaje, y\/o comunicaci\u00f3n, problemas con la producci\u00f3n de sonidos, entre otros.<\/p>\n<p>Dijo que la terapia de lenguaje emplea diversos m\u00e9todos, t\u00e9cnicas y ejercicios con la finalidad de habilitar y\/o rehabilitar al paciente, tomando en cuenta la edad, nivel de madurez (en menores de edad), nivel de audici\u00f3n, escolaridad, integridad o da\u00f1o del aparato fonoarticulador, entre otros, as\u00ed como los aspectos emocionales, cognitivos, perceptuales y psicomotrices. En casos de patolog\u00edas de tipo neurol\u00f3gico la terapia sustenta su posible \u00e9xito en la plasticidad del Sistema Nervioso.<\/p>\n<p>El fonoaudi\u00f3logo subray\u00f3 que para mantener un estilo de vida saludable es recomendable llevar una dieta equilibrada y hacer ejercicio regular lo que beneficia no solo la salud f\u00edsica, tambi\u00e9n contribuye a una mejor funci\u00f3n cognitiva y comunicativa.<\/p>\n<p>\u201cSi t\u00fa identificas que tu ni\u00f1o o ni\u00f1a no va a la edad cronol\u00f3gica con ni\u00f1os de su misma edad y presenta dificultad al pronunciar algunas palabras, complicaciones al organizar sus ideas, o problemas para formular oraciones cortas, inconvenientes para organizar alg\u00fan tipo de actividad motora gruesa o fina, es conveniente que vayas a tu unidad para que el m\u00e9dico lo cheque y lo canalice en primera instancia con el m\u00e9dico especialista en comunicaci\u00f3n humana\u201d.<\/p>\n","protected":false},"excerpt":{"rendered":"<p>Especialistas del Instituto Mexicano del Seguro Social (IMSS) recomiendan impulsar de manera temprana en ni\u00f1as&#8230;<\/p>\n","protected":false},"author":1,"featured_media":23153,"comment_status":"open","ping_status":"closed","sticky":false,"template":"","format":"standard","meta":{"footnotes":""},"categories":[7],"tags":[],"class_list":["post-23151","post","type-post","status-publish","format-standard","has-post-thumbnail","hentry","category-nacional"],"_links":{"self":[{"href":"https:\/\/sacramentoqr.com\/index.php?rest_route=\/wp\/v2\/posts\/23151","targetHints":{"allow":["GET"]}}],"collection":[{"href":"https:\/\/sacramentoqr.com\/index.php?rest_route=\/wp\/v2\/posts"}],"about":[{"href":"https:\/\/sacramentoqr.com\/index.php?rest_route=\/wp\/v2\/types\/post"}],"author":[{"embeddable":true,"href":"https:\/\/sacramentoqr.com\/index.php?rest_route=\/wp\/v2\/users\/1"}],"replies":[{"embeddable":true,"href":"https:\/\/sacramentoqr.com\/index.php?rest_route=%2Fwp%2Fv2%2Fcomments&post=23151"}],"version-history":[{"count":1,"href":"https:\/\/sacramentoqr.com\/index.php?rest_route=\/wp\/v2\/posts\/23151\/revisions"}],"predecessor-version":[{"id":23152,"href":"https:\/\/sacramentoqr.com\/index.php?rest_route=\/wp\/v2\/posts\/23151\/revisions\/23152"}],"wp:featuredmedia":[{"embeddable":true,"href":"https:\/\/sacramentoqr.com\/index.php?rest_route=\/wp\/v2\/media\/23153"}],"wp:attachment":[{"href":"https:\/\/sacramentoqr.com\/index.php?rest_route=%2Fwp%2Fv2%2Fmedia&parent=23151"}],"wp:term":[{"taxonomy":"category","embeddable":true,"href":"https:\/\/sacramentoqr.com\/index.php?rest_route=%2Fwp%2Fv2%2Fcategories&post=23151"},{"taxonomy":"post_tag","embeddable":true,"href":"https:\/\/sacramentoqr.com\/index.php?rest_route=%2Fwp%2Fv2%2Ftags&post=23151"}],"curies":[{"name":"wp","href":"https:\/\/api.w.org\/{rel}","templated":true}]}}