{"id":23154,"date":"2024-06-10T10:40:23","date_gmt":"2024-06-10T15:40:23","guid":{"rendered":"https:\/\/sacramentoqr.com\/?p=23154"},"modified":"2024-06-10T15:40:24","modified_gmt":"2024-06-10T15:40:24","slug":"el-control-de-la-inteligencia-artificial-un-tema-crucial-sobre-la-mesa-del-g7","status":"publish","type":"post","link":"https:\/\/sacramentoqr.com\/?p=23154","title":{"rendered":"El control de la inteligencia artificial, un tema crucial sobre la mesa del G7"},"content":{"rendered":"<p>Los prodigios y riesgos de la inteligencia artificial (IA) volver\u00e1n este a\u00f1o a la cumbre de l\u00edderes del G7, las siete democracias m\u00e1s ricas del mundo, cuyos l\u00edderes se re\u00fanen desde el jueves en la regi\u00f3n italiana de Apulia para analizar su futura regulaci\u00f3n, entre otras cuestiones geopol\u00edticas.<\/p>\n<p>La primera ministra italiana, Giorgia Meloni, presidenta de turno, anunci\u00f3 que el encuentro de jefes de Estado o de Gobierno del Grupo -Alemania, Canad\u00e1, Estados Unidos, Francia, Italia, Jap\u00f3n y Reino Unido- dedicar\u00eda una sesi\u00f3n a esta tecnolog\u00eda, el pr\u00f3ximo viernes.<\/p>\n<p>La cumbre dar\u00e1 as\u00ed continuidad al \u201cProceso de Hiroshima\u201d iniciado el a\u00f1o pasado en la ciudad nipona y con el que el G7 aprob\u00f3 un c\u00f3digo de conducta \u201cvoluntario\u201d para instituciones y empresas que empleen este tipo de herramientas, en un intento de mitigar riesgos como la desinformaci\u00f3n o la vulneraci\u00f3n de la privacidad.<\/p>\n<p>Este a\u00f1o la cuesti\u00f3n de la IA contar\u00e1 con el punto de vista de personalidades como el papa Francisco, que sigue con atenci\u00f3n el advenimiento de esta herramienta, llegando incluso a dedicarle su mensaje por la Jornada Mundial de la Paz de este a\u00f1o.<\/p>\n<p>De hecho, el Vaticano instaur\u00f3 en 2020 la iniciativa \u201cRome call for IA ethics\u201d para promover la aplicaci\u00f3n de la \u201calgor\u00e9tica\u201c, es decir, de una dimensi\u00f3n \u00e9tica a estos prodigiosos algoritmos.<\/p>\n<p>La idea es acordar ciertos est\u00e1ndares entre potencias democr\u00e1ticas sobre la IA y fuentes italianas del G7 expresan su \u201cconfianza\u201d en que \u201calgo sensato\u201d ser\u00e1 finalmente plasmado en la declaraci\u00f3n final.<\/p>\n<p>Los l\u00edderes, se\u00f1alan, debatir\u00e1n sobre c\u00f3mo dar a esta tecnolog\u00eda una visi\u00f3n y uso \u201cantropoc\u00e9ntrico\u201d, su eventual futuro en el mercado laboral y las posibilidades de llevarla a pa\u00edses en desarrollo.<\/p>\n<p>Pero lo que m\u00e1s preocupa a los jefes de las siete democracias m\u00e1s poderosas del mundo, que se reunir\u00e1n en un aislado complejo hotelero cerca de la ciudad de Bari, es la desinformaci\u00f3n que la IA puede generar.<\/p>\n<p>Esto, la difusi\u00f3n de im\u00e1genes o sonidos alterados o falsos, podr\u00eda confundir al electorado y socavar los pilares de los pa\u00edses democr\u00e1ticos, un tema especialmente sentido en un 2024 \u201csuperelectoral\u201d, en el que casi la mitad de la poblaci\u00f3n mundial est\u00e1 llamada a las urnas.<\/p>\n<p>Por esta raz\u00f3n, el subsecretario italiano para la Informaci\u00f3n, Alberto Barachini, explica a EFE que la intenci\u00f3n es poner esta cuesti\u00f3n en el centro del debate geopol\u00edtico por primera vez.<\/p>\n<p>Meloni aspira as\u00ed a que los grandes l\u00edderes del G7 \u201cunan fuerzas\u201d para avanzar en una regularizaci\u00f3n de la IA y, de este modo, negociar su extensi\u00f3n con otras potencias como China, por ejemplo.<\/p>\n<p>Barachini, un periodista que salt\u00f3 a la conservadora Forza Italia reclutado por su hist\u00f3rico fundador Silvio Berlusconi, recuerda una ocasi\u00f3n en la que, hablando con un ingeniero indio en Naciones Unidas sobre IA, este le dijo que \u201clas reglas actuales est\u00e1n bien\u201d. El pol\u00edtico italiano respondi\u00f3: \u201cClaro, le entiendo, porque no hay\u201d.<\/p>\n<p>\u201cLa normativa europea est\u00e1 muy bien, protegen nuestro mundo, pero debemos razonar tambi\u00e9n con China, Jap\u00f3n, con Corea o Estados Unidos, con todos los pa\u00edses extraeuropeos, porque uno de los principales riesgos hoy es la desinformaci\u00f3n rusa\u201d, apunt\u00f3.<\/p>\n<p>Por eso, aleg\u00f3, \u201csi nosotros no ponemos sobre la mesa de los grandes una unidad de visi\u00f3n, cualquier reglamento acabar\u00e1 colisionando con la no reglamentaci\u00f3n de otros pa\u00edses\u201d.<\/p>\n<p>\u201cSi conseguimos unir fuerzas tambi\u00e9n en el seno del G7 ser\u00eda a buen seguro un instrumento de presi\u00f3n importante\u201d, sostuvo.<\/p>\n<p>Barachini cree que un uso impropio de la IA puede desequilibrar -m\u00e1s si cabe- el concierto internacional, pero tambi\u00e9n tener graves consecuencias en el mercado laboral o en la confianza de las democracias, minadas por la sospecha.<\/p>\n<p>En el plano nacional, el Parlamento italiano tramita desde abril un proyecto de ley sobre la IA basado en tres principios: la defensa del derecho de autor, la identificaci\u00f3n de los contenidos generados por esa tecnolog\u00eda y un endurecimiento de las sanciones al \u2018Deepfake\u2019, im\u00e1genes muy realistas creadas por ordenador.<\/p>\n","protected":false},"excerpt":{"rendered":"<p>Los prodigios y riesgos de la inteligencia artificial (IA) volver\u00e1n este a\u00f1o a la cumbre&#8230;<\/p>\n","protected":false},"author":1,"featured_media":23156,"comment_status":"open","ping_status":"closed","sticky":false,"template":"","format":"standard","meta":{"footnotes":""},"categories":[5],"tags":[],"class_list":["post-23154","post","type-post","status-publish","format-standard","has-post-thumbnail","hentry","category-internacional"],"_links":{"self":[{"href":"https:\/\/sacramentoqr.com\/index.php?rest_route=\/wp\/v2\/posts\/23154","targetHints":{"allow":["GET"]}}],"collection":[{"href":"https:\/\/sacramentoqr.com\/index.php?rest_route=\/wp\/v2\/posts"}],"about":[{"href":"https:\/\/sacramentoqr.com\/index.php?rest_route=\/wp\/v2\/types\/post"}],"author":[{"embeddable":true,"href":"https:\/\/sacramentoqr.com\/index.php?rest_route=\/wp\/v2\/users\/1"}],"replies":[{"embeddable":true,"href":"https:\/\/sacramentoqr.com\/index.php?rest_route=%2Fwp%2Fv2%2Fcomments&post=23154"}],"version-history":[{"count":1,"href":"https:\/\/sacramentoqr.com\/index.php?rest_route=\/wp\/v2\/posts\/23154\/revisions"}],"predecessor-version":[{"id":23155,"href":"https:\/\/sacramentoqr.com\/index.php?rest_route=\/wp\/v2\/posts\/23154\/revisions\/23155"}],"wp:featuredmedia":[{"embeddable":true,"href":"https:\/\/sacramentoqr.com\/index.php?rest_route=\/wp\/v2\/media\/23156"}],"wp:attachment":[{"href":"https:\/\/sacramentoqr.com\/index.php?rest_route=%2Fwp%2Fv2%2Fmedia&parent=23154"}],"wp:term":[{"taxonomy":"category","embeddable":true,"href":"https:\/\/sacramentoqr.com\/index.php?rest_route=%2Fwp%2Fv2%2Fcategories&post=23154"},{"taxonomy":"post_tag","embeddable":true,"href":"https:\/\/sacramentoqr.com\/index.php?rest_route=%2Fwp%2Fv2%2Ftags&post=23154"}],"curies":[{"name":"wp","href":"https:\/\/api.w.org\/{rel}","templated":true}]}}