{"id":23199,"date":"2024-06-13T17:33:42","date_gmt":"2024-06-13T22:33:42","guid":{"rendered":"https:\/\/sacramentoqr.com\/?p=23199"},"modified":"2024-06-13T22:33:43","modified_gmt":"2024-06-13T22:33:43","slug":"confirman-en-costa-rica-el-sexto-caso-de-gusano-barrenador-en-humanos","status":"publish","type":"post","link":"https:\/\/sacramentoqr.com\/?p=23199","title":{"rendered":"Confirman en Costa Rica el sexto caso de gusano barrenador en humanos"},"content":{"rendered":"<p>El Ministerio de Salud de Costa Rica confirm\u00f3 este jueves el sexto caso de gusano barrenador en humanos, una enfermedad que hasta febrero pasado solo hab\u00eda sido detectada en el pa\u00eds en animales.<\/p>\n<p>El nuevo caso de miasis de gusano barrenador en humanos afect\u00f3 a un hombre de la localidad de San Ana, provincia de San Jos\u00e9 (centro), quien fue atendido en el Hospital Nacional de Geriatr\u00eda y Gerontolog\u00eda por una lesi\u00f3n en la nariz y la boca donde se le detectaron larvas.<\/p>\n<p>El paciente fue trasladado al hospital San Juan de Dios, en San Jos\u00e9, donde se le extrajeron las larvas para el env\u00edo de la muestra al Servicio Nacional de Salud Animal, donde fue confirmado que se trata del gusano barrenador.<\/p>\n<p>La miasis por gusano barrenador es una enfermedad parasitaria causada por la fase de larva o gusano de la mosca Cochliomyia hominivorax. Las larvas infestan la parte m\u00e1s profunda de los tejidos provocando lesiones graves, la p\u00e9rdida de la funci\u00f3n de \u00f3rganos y hasta podr\u00eda causar la muerte en casos severos.<\/p>\n<p>El tratamiento generalmente implica la extracci\u00f3n quir\u00fargica de la larva, seguida de cuidados locales para prevenir la infecci\u00f3n.<\/p>\n<p>Hasta el momento el Ministerio de Salud registra 6 pacientes confirmados por este mal procedentes las comunidades del sur del pa\u00eds de Coto Brus, Golfito y Corredores, de Los Chiles (frontera con Nicaragua) y ahora de Santa Ana, en el centro del pa\u00eds.<\/p>\n<p>El primer caso de gusano barrenador en humanos en Costa Rica fue confirmado el pasado 26 de febrero. El paciente, que se recuper\u00f3, es un hombre de la localidad de Pavones de Golfito, en la provincia de Puntarenas, cerca de la frontera con Panam\u00e1.<\/p>\n<p>Ante la detecci\u00f3n de casos en humanos, en abril pasado el Ministerio de Salud de Costa Rica lanz\u00f3 un lineamiento espec\u00edfico con el fin de guiar a los profesionales de la salud para brindar una adecuada atenci\u00f3n a los pacientes que sufren o potencialmente sufrir\u00e1n esta enfermedad.<\/p>\n<p>El lineamiento incluye definiciones y terminolog\u00edas, la descripci\u00f3n de la enfermedad, la definici\u00f3n de casos sospechosos, confirmados y descartados, generalidades y otros aspectos importantes para el abordaje epidemiol\u00f3gico.<\/p>\n<p>El pasado 7 de febrero el Gobierno de Costa Rica declar\u00f3 emergencia sanitaria por la detecci\u00f3n de al menos 203 casos del gusano barrenador en el ganado, caballos, cerdos, ovejas y perros.<\/p>\n<p>Con el decreto de emergencia, las autoridades pretenden contar con m\u00e1s recursos para prevenir, controlar y erradicar la enfermedad.<\/p>\n<p>Como parte de los trabajos las autoridades han realizado una vigilancia activa en las fincas donde se detectan casos y se atienden las denuncias sospechosas en subastas ganaderas, farmacias veterinarias y casas de habitaci\u00f3n.<\/p>\n","protected":false},"excerpt":{"rendered":"<p>El Ministerio de Salud de Costa Rica confirm\u00f3 este jueves el sexto caso de gusano&#8230;<\/p>\n","protected":false},"author":1,"featured_media":23201,"comment_status":"open","ping_status":"closed","sticky":false,"template":"","format":"standard","meta":{"footnotes":""},"categories":[5],"tags":[],"class_list":["post-23199","post","type-post","status-publish","format-standard","has-post-thumbnail","hentry","category-internacional"],"_links":{"self":[{"href":"https:\/\/sacramentoqr.com\/index.php?rest_route=\/wp\/v2\/posts\/23199","targetHints":{"allow":["GET"]}}],"collection":[{"href":"https:\/\/sacramentoqr.com\/index.php?rest_route=\/wp\/v2\/posts"}],"about":[{"href":"https:\/\/sacramentoqr.com\/index.php?rest_route=\/wp\/v2\/types\/post"}],"author":[{"embeddable":true,"href":"https:\/\/sacramentoqr.com\/index.php?rest_route=\/wp\/v2\/users\/1"}],"replies":[{"embeddable":true,"href":"https:\/\/sacramentoqr.com\/index.php?rest_route=%2Fwp%2Fv2%2Fcomments&post=23199"}],"version-history":[{"count":1,"href":"https:\/\/sacramentoqr.com\/index.php?rest_route=\/wp\/v2\/posts\/23199\/revisions"}],"predecessor-version":[{"id":23200,"href":"https:\/\/sacramentoqr.com\/index.php?rest_route=\/wp\/v2\/posts\/23199\/revisions\/23200"}],"wp:featuredmedia":[{"embeddable":true,"href":"https:\/\/sacramentoqr.com\/index.php?rest_route=\/wp\/v2\/media\/23201"}],"wp:attachment":[{"href":"https:\/\/sacramentoqr.com\/index.php?rest_route=%2Fwp%2Fv2%2Fmedia&parent=23199"}],"wp:term":[{"taxonomy":"category","embeddable":true,"href":"https:\/\/sacramentoqr.com\/index.php?rest_route=%2Fwp%2Fv2%2Fcategories&post=23199"},{"taxonomy":"post_tag","embeddable":true,"href":"https:\/\/sacramentoqr.com\/index.php?rest_route=%2Fwp%2Fv2%2Ftags&post=23199"}],"curies":[{"name":"wp","href":"https:\/\/api.w.org\/{rel}","templated":true}]}}