{"id":23253,"date":"2024-06-18T12:00:18","date_gmt":"2024-06-18T17:00:18","guid":{"rendered":"https:\/\/sacramentoqr.com\/?p=23253"},"modified":"2024-06-18T17:00:19","modified_gmt":"2024-06-18T17:00:19","slug":"uruguay-de-la-mano-de-bielsa-llega-como-uno-de-los-favoritos-a-ganar-la-copa-america-2024","status":"publish","type":"post","link":"https:\/\/sacramentoqr.com\/?p=23253","title":{"rendered":"Uruguay, de la mano de Bielsa, llega como uno de los favoritos a ganar la Copa Am\u00e9rica 2024"},"content":{"rendered":"<p>Campeona en 15 oportunidades de la Copa Am\u00e9rica, Uruguay llega a Estados Unidos en medio de un espl\u00e9ndido presente. Cada vez m\u00e1s consolidado un funcionamiento ambicioso de la mano de Marcelo Bielsa, la Celeste cuenta con una de las mejores l\u00edneas medias del continente.<\/p>\n<p>Marchan en la segunda plaza de las Eliminatorias de Sudam\u00e9rica rumbo al pr\u00f3ximo Mundial 2026, una campa\u00f1a que incluye una resonante victoria 2-0 ante la Campeona Mundial Argentina en noviembre pasado en Buenos Aires.<\/p>\n<p>Luego de conseguir ganarle a Brasil despu\u00e9s de 20 a\u00f1os y derrotar a Argentina en Buenos Aires, Bielsa ha ganado confianza por parte de la afici\u00f3n, por lo que decidi\u00f3 ir m\u00e1s adelante en su proceso de transformaci\u00f3n del futbol uruguayo.<\/p>\n<p>\u00abYa demostramos contra Brasil y Argentina que somos un equipo de muchos j\u00f3venes, de buen pie. Todos tenemos buena calidad y por algo estamos ac\u00e1 en la selecci\u00f3n y en clubes grandes\u00bb, afirm\u00f3 Darwin N\u00fa\u00f1ez tras cerrar su temporada con el Liverpool de la Premier League. \u00abLa idea es ir paso a paso y fijar como objetivo avanzar en la fase de grupos para despu\u00e9s pelear todos los partidos y hacer lo mejor posible para ser campeones\u00bb.<\/p>\n<p>El torneo que comienza el 20 de junio y finaliza el 14 de julio ser\u00e1 una muestra de ese trabajo, pero tambi\u00e9n una clara oportunidad de agregar otra copa a la vitrina, y romper el empate con Argentina por la mayor cantidad.<\/p>\n<p>Fue lo que sintetiz\u00f3 Rodrigo Bentancur, volante del Tottenham Hotspur: \u00abPor m\u00e1s que no nos gusta decirlo, el objetivo es el mismo de siempre: ganar la Copa Am\u00e9rica; es nuestra mayor ilusi\u00f3n y la de todo el pueblo uruguayo\u00bb.<\/p>\n<p>Uruguay naufrag\u00f3 en la primera ronda del Mundial de Qatar 2022, una decepcionante actuaci\u00f3n que precipit\u00f3 la salida de Diego Alonso y la contrataci\u00f3n del argentino Bielsa como entrenador.<\/p>\n<p>Durante lo que va de su ciclo, Bielsa ha hecho debutar a m\u00e1s de una docena de jugadores con la seleccionados y sondeado talento en todas partes, citando a 23 futbolistas de la primera y segunda divisi\u00f3n del futbol uruguayo. Llam\u00f3 hasta a Walter Dom\u00ednguez, goleador de Juventud de Soriano, equipo de la Organizaci\u00f3n de Futbol del Interior (OFI), de car\u00e1cter amateur.<\/p>\n<p>IMAGO7<br \/>\nMarcelo Bielsa, DT de Uruguay | IMAGO7<\/p>\n<p>SU\u00c1REZ Y CAVANI<br \/>\nEl t\u00e9cnico argentino Bielsa protagoniz\u00f3 una breve pol\u00e9mica con la prensa local por no convocar a los hist\u00f3ricos goleadores Luis Su\u00e1rez y Edinson Cavani.<\/p>\n<p>Su\u00e1rez finalmente obtuvo su turnos en los choques ante Argentina y Bolivia, y acab\u00f3 siendo convocado para una quinta participaci\u00f3n en el torneo continental. Cavani, en cambio, decidi\u00f3 renunciar pese a su gran presente en Boca Juniors, m\u00e1ximo artillero del club argentino, 12 en 2024, luego de meter tan solo uno el a\u00f1o pasado.<\/p>\n<p>A pesar de haber sido preconvocado para la Copa Am\u00e9rica, el volante Mat\u00edas Vecino decidi\u00f3 retirarse del seleccionado tras ocho a\u00f1os con la Celeste.<\/p>\n<p>IMAGO7<br \/>\nUruguay en celebraci\u00f3n de gol | IMAGO7<\/p>\n<p>EQUIPO CON RECAMBIO<br \/>\nLas lesiones le han generado buenas y malas noticias a Bielsa. Los retornos de Nicol\u00e1s de la Cruz y Rodrigo Bentancur contrastan con la baja del atacante Federico Vi\u00f1a, quien sufri\u00f3 una rotura en su tend\u00f3n de Aquiles de la pierna derecha en el gimnasio del Complejo Celeste.<\/p>\n<p>El fuerte del equipo en su mediocampo, con un bloque conformado por Federico Valverde, Manuel Ugarte, Bentancur y De la Cruz o Giorgian de Arrascaeta. Hay muchos nombres para asistir a N\u00fa\u00f1ez por las puntas, entre los que destacan Facundo Pellistri, Math\u00edas Olivera y Maxi Ara\u00fajo, entre otros.<\/p>\n<p>La banca est\u00e1 cargada de jugadores capacitados para saltar al campo cuando Bielsa lo necesite, como el \u201cPistolero\u201d Su\u00e1rez, Brian Rodr\u00edguez, Nahit\u00e1n N\u00e1ndez, Agust\u00edn Cannobio, Nicol\u00e1s Marichal y Brian Ocampo son algunos de ellos.<\/p>\n<p>Uruguay inicia su participaci\u00f3n en el Grupo C el 23 de junio ante Panam\u00e1, en Miami. Acto seguido, viajar\u00e1n a Nueva Jersey para el choque con Bolivia del 27 de junio y cerrar\u00e1n la fase de grupos el 1 de julio ante el local Estados Unidos en Kansas City.<\/p>\n","protected":false},"excerpt":{"rendered":"<p>Campeona en 15 oportunidades de la Copa Am\u00e9rica, Uruguay llega a Estados Unidos en medio&#8230;<\/p>\n","protected":false},"author":1,"featured_media":23255,"comment_status":"open","ping_status":"closed","sticky":false,"template":"","format":"standard","meta":{"footnotes":""},"categories":[3],"tags":[],"class_list":["post-23253","post","type-post","status-publish","format-standard","has-post-thumbnail","hentry","category-deportes"],"_links":{"self":[{"href":"https:\/\/sacramentoqr.com\/index.php?rest_route=\/wp\/v2\/posts\/23253","targetHints":{"allow":["GET"]}}],"collection":[{"href":"https:\/\/sacramentoqr.com\/index.php?rest_route=\/wp\/v2\/posts"}],"about":[{"href":"https:\/\/sacramentoqr.com\/index.php?rest_route=\/wp\/v2\/types\/post"}],"author":[{"embeddable":true,"href":"https:\/\/sacramentoqr.com\/index.php?rest_route=\/wp\/v2\/users\/1"}],"replies":[{"embeddable":true,"href":"https:\/\/sacramentoqr.com\/index.php?rest_route=%2Fwp%2Fv2%2Fcomments&post=23253"}],"version-history":[{"count":1,"href":"https:\/\/sacramentoqr.com\/index.php?rest_route=\/wp\/v2\/posts\/23253\/revisions"}],"predecessor-version":[{"id":23254,"href":"https:\/\/sacramentoqr.com\/index.php?rest_route=\/wp\/v2\/posts\/23253\/revisions\/23254"}],"wp:featuredmedia":[{"embeddable":true,"href":"https:\/\/sacramentoqr.com\/index.php?rest_route=\/wp\/v2\/media\/23255"}],"wp:attachment":[{"href":"https:\/\/sacramentoqr.com\/index.php?rest_route=%2Fwp%2Fv2%2Fmedia&parent=23253"}],"wp:term":[{"taxonomy":"category","embeddable":true,"href":"https:\/\/sacramentoqr.com\/index.php?rest_route=%2Fwp%2Fv2%2Fcategories&post=23253"},{"taxonomy":"post_tag","embeddable":true,"href":"https:\/\/sacramentoqr.com\/index.php?rest_route=%2Fwp%2Fv2%2Ftags&post=23253"}],"curies":[{"name":"wp","href":"https:\/\/api.w.org\/{rel}","templated":true}]}}