{"id":23274,"date":"2024-06-19T08:38:35","date_gmt":"2024-06-19T13:38:35","guid":{"rendered":"https:\/\/sacramentoqr.com\/?p=23274"},"modified":"2024-06-19T13:38:36","modified_gmt":"2024-06-19T13:38:36","slug":"papa-francisco-pide-a-estados-acoger-y-garantizar-condiciones-humanas-a-refugiados","status":"publish","type":"post","link":"https:\/\/sacramentoqr.com\/?p=23274","title":{"rendered":"Papa Francisco pide a Estados acoger y garantizar condiciones humanas a refugiados"},"content":{"rendered":"<p>El papa Francisco pidi\u00f3 hoy a los Estados que \u201ctrabajen para garantizar condiciones humanas a los refugiados y para facilitar los procesos de integraci\u00f3n\u201d, en un llamamiento al final de la audiencia general celebrada en la plaza de San Pedro.<\/p>\n<p>El papa Francisco record\u00f3 que el jueves se celebra el D\u00eda Mundial del Refugiado promovido por las Naciones Unidas y pidi\u00f3 que \u201csea una ocasi\u00f3n para dirigir una mirada atenta y fraterna a todos aquellos que se ven obligados a huir de sus casas, en busca de paz y seguridad\u201d.<\/p>\n<p>Asimismo, subray\u00f3 que \u201ctodos estamos llamados a acoger, promover, acompa\u00f1ar e integrar a quienes llaman a nuestras puertas\u201d.<\/p>\n<p>Y agreg\u00f3: \u201cRezo para que los Estados trabajen para garantizar condiciones humanas a los refugiados y para facilitar los procesos de integraci\u00f3n\u201d.<\/p>\n<p>Seg\u00fan un \u00faltimo informe de la Agencia de la ONU para los Refugiados (ACNUR), el n\u00famero de personas refugiadas y otras personas que necesitan protecci\u00f3n internacional ascendi\u00f3 a 43.4 millones.<\/p>\n","protected":false},"excerpt":{"rendered":"<p>El papa Francisco pidi\u00f3 hoy a los Estados que \u201ctrabajen para garantizar condiciones humanas a&#8230;<\/p>\n","protected":false},"author":1,"featured_media":23276,"comment_status":"open","ping_status":"closed","sticky":false,"template":"","format":"standard","meta":{"footnotes":""},"categories":[5],"tags":[],"class_list":["post-23274","post","type-post","status-publish","format-standard","has-post-thumbnail","hentry","category-internacional"],"_links":{"self":[{"href":"https:\/\/sacramentoqr.com\/index.php?rest_route=\/wp\/v2\/posts\/23274","targetHints":{"allow":["GET"]}}],"collection":[{"href":"https:\/\/sacramentoqr.com\/index.php?rest_route=\/wp\/v2\/posts"}],"about":[{"href":"https:\/\/sacramentoqr.com\/index.php?rest_route=\/wp\/v2\/types\/post"}],"author":[{"embeddable":true,"href":"https:\/\/sacramentoqr.com\/index.php?rest_route=\/wp\/v2\/users\/1"}],"replies":[{"embeddable":true,"href":"https:\/\/sacramentoqr.com\/index.php?rest_route=%2Fwp%2Fv2%2Fcomments&post=23274"}],"version-history":[{"count":1,"href":"https:\/\/sacramentoqr.com\/index.php?rest_route=\/wp\/v2\/posts\/23274\/revisions"}],"predecessor-version":[{"id":23275,"href":"https:\/\/sacramentoqr.com\/index.php?rest_route=\/wp\/v2\/posts\/23274\/revisions\/23275"}],"wp:featuredmedia":[{"embeddable":true,"href":"https:\/\/sacramentoqr.com\/index.php?rest_route=\/wp\/v2\/media\/23276"}],"wp:attachment":[{"href":"https:\/\/sacramentoqr.com\/index.php?rest_route=%2Fwp%2Fv2%2Fmedia&parent=23274"}],"wp:term":[{"taxonomy":"category","embeddable":true,"href":"https:\/\/sacramentoqr.com\/index.php?rest_route=%2Fwp%2Fv2%2Fcategories&post=23274"},{"taxonomy":"post_tag","embeddable":true,"href":"https:\/\/sacramentoqr.com\/index.php?rest_route=%2Fwp%2Fv2%2Ftags&post=23274"}],"curies":[{"name":"wp","href":"https:\/\/api.w.org\/{rel}","templated":true}]}}