{"id":23384,"date":"2024-06-26T11:02:59","date_gmt":"2024-06-26T16:02:59","guid":{"rendered":"https:\/\/sacramentoqr.com\/?p=23384"},"modified":"2024-06-26T16:03:01","modified_gmt":"2024-06-26T16:03:01","slug":"reaparece-carlos-salinas-de-gortari-en-una-fiesta-en-espana","status":"publish","type":"post","link":"https:\/\/sacramentoqr.com\/?p=23384","title":{"rendered":"Reaparece Carlos Salinas de Gortari en una fiesta en Espa\u00f1a"},"content":{"rendered":"<h4>El expresidente mexicano fue visto junto al embajador de Mexico en Espa\u00f1a, Quirino Ordaz<\/h4>\n<p>El expresidente de M\u00e9xico, Carlos Salinas de Gortari, reapareci\u00f3 despu\u00e9s de varios a\u00f1os sin saberse nada de \u00e9l, luego de que asisti\u00f3 a la fiesta de cumplea\u00f1os de un multimillonario en Espa\u00f1a.<\/p>\n<p>La informaci\u00f3n fue reportada por el peri\u00f3dico espa\u00f1ol El Confidencial, el cual indica que Salinas de Gortari, presidente de M\u00e9xico entre 1988 y 1994, fue uno de los invitados a la fiesta de cumplea\u00f1os del multimillonario y coleccionista de arte, Juan Antonio P\u00e9rez Sim\u00f3n.<\/p>\n<p>La celebraci\u00f3n tuvo lugar el pasado lunes 24 de junio, en La Finca en Pozuelo de Alarc\u00f3n (Madrid), en donde tambi\u00e9n aparecieron como invitados el embajador de M\u00e9xico en Espa\u00f1a, Quirino Ordaz; y su esposa, Rosy Fuentes de Ordaz; el expresidente del Gobierno Jos\u00e9 Mar\u00eda Aznar y su esposa Ana Botella; el empresario Luis Miguel Rodr\u00edguez, el escultor dEmo, y la exmiss peruana Ingrid Yrivarren.<\/p>\n<p>\u201cTodos celebraron el santo de Juan Antonio P\u00e9rez Sim\u00f3n con un magn\u00edfico show de flamenco. Se subieron al tablao Sara Calero y Juan Bravo.<\/p>\n<p>\u201cComo el empresario espa\u00f1ol vive la mayor parte del a\u00f1o en M\u00e9xico, la fiesta se cerr\u00f3, como no pod\u00eda ser de otra manera, con mariachis\u201d, report\u00f3 El Confidencial.<\/p>\n<p>Para muchos ha llamado la atenci\u00f3n que en la foto que circula en rede Salinas de Gortari aparezca junto a Quirino Ordaz, exgobernador de Sinaloa y actualmente embajador de M\u00e9xico en Espa\u00f1a, propuesto en su momento por el Presidente mexicano Andr\u00e9s Manuel L\u00f3pez Obrador, p\u00fablicamente oponente pol\u00edtico de Salinas, por lo que muchos han calificado que AMLO fue traicionado por el Ordaz Coppel.<\/p>\n","protected":false},"excerpt":{"rendered":"<p>El expresidente mexicano fue visto junto al embajador de Mexico en Espa\u00f1a, Quirino Ordaz El&#8230;<\/p>\n","protected":false},"author":1,"featured_media":23386,"comment_status":"open","ping_status":"closed","sticky":false,"template":"","format":"standard","meta":{"footnotes":""},"categories":[5],"tags":[],"class_list":["post-23384","post","type-post","status-publish","format-standard","has-post-thumbnail","hentry","category-internacional"],"_links":{"self":[{"href":"https:\/\/sacramentoqr.com\/index.php?rest_route=\/wp\/v2\/posts\/23384","targetHints":{"allow":["GET"]}}],"collection":[{"href":"https:\/\/sacramentoqr.com\/index.php?rest_route=\/wp\/v2\/posts"}],"about":[{"href":"https:\/\/sacramentoqr.com\/index.php?rest_route=\/wp\/v2\/types\/post"}],"author":[{"embeddable":true,"href":"https:\/\/sacramentoqr.com\/index.php?rest_route=\/wp\/v2\/users\/1"}],"replies":[{"embeddable":true,"href":"https:\/\/sacramentoqr.com\/index.php?rest_route=%2Fwp%2Fv2%2Fcomments&post=23384"}],"version-history":[{"count":1,"href":"https:\/\/sacramentoqr.com\/index.php?rest_route=\/wp\/v2\/posts\/23384\/revisions"}],"predecessor-version":[{"id":23385,"href":"https:\/\/sacramentoqr.com\/index.php?rest_route=\/wp\/v2\/posts\/23384\/revisions\/23385"}],"wp:featuredmedia":[{"embeddable":true,"href":"https:\/\/sacramentoqr.com\/index.php?rest_route=\/wp\/v2\/media\/23386"}],"wp:attachment":[{"href":"https:\/\/sacramentoqr.com\/index.php?rest_route=%2Fwp%2Fv2%2Fmedia&parent=23384"}],"wp:term":[{"taxonomy":"category","embeddable":true,"href":"https:\/\/sacramentoqr.com\/index.php?rest_route=%2Fwp%2Fv2%2Fcategories&post=23384"},{"taxonomy":"post_tag","embeddable":true,"href":"https:\/\/sacramentoqr.com\/index.php?rest_route=%2Fwp%2Fv2%2Ftags&post=23384"}],"curies":[{"name":"wp","href":"https:\/\/api.w.org\/{rel}","templated":true}]}}