{"id":23393,"date":"2024-06-26T11:09:47","date_gmt":"2024-06-26T16:09:47","guid":{"rendered":"https:\/\/sacramentoqr.com\/?p=23393"},"modified":"2024-06-26T16:09:49","modified_gmt":"2024-06-26T16:09:49","slug":"papa-francisco-rechaza-la-legalizacion-de-las-drogas-y-la-considera-una-fantasia","status":"publish","type":"post","link":"https:\/\/sacramentoqr.com\/?p=23393","title":{"rendered":"Papa Francisco rechaza la legalizaci\u00f3n de las drogas y la considera una \u201cfantas\u00eda\u201d"},"content":{"rendered":"<h4>El papa Francisco dedic\u00f3 su discurso al D\u00eda Internacional de la Lucha contra el Uso Indebido y el Tr\u00e1fico Il\u00edcito de Drogas<\/h4>\n<p>El papa Francisco carg\u00f3 este mi\u00e9rcoles contra la producci\u00f3n y el tr\u00e1fico de drogas y afirm\u00f3 que una reducci\u00f3n de la dependencia \u201cno se consigue liberalizando su consumo\u201d, durante la audiencia general celebrada en la plaza de San Pedro.<\/p>\n<p>Francisco dedic\u00f3 su discurso al D\u00eda Internacional de la Lucha contra el Uso Indebido y el Tr\u00e1fico Il\u00edcito de Drogas que celebra Naciones Unidas y denunci\u00f3: \u201cCu\u00e1ntos traficantes de muerte hay, movidos por la l\u00f3gica del poder y del dinero a cualquier precio. Esta plaga, que produce violencia y siembra sufrimiento y muerte, exige un acto de valent\u00eda por parte de toda la sociedad\u201d.<\/p>\n<p>Sin embargo para el pont\u00edfice, \u201cuna reducci\u00f3n de la dependencia de las drogas no se consigue liberalizando el consumo de drogas, como se ha propuesto, o ya se ha aplicado, en algunos pa\u00edses\u201d.<\/p>\n<p>\u201cEsto es una fantas\u00eda\u201d, dijo el papa Francisco, quien agreg\u00f3 \u201cque cuando se liberaliza se consume m\u00e1s\u201d.<\/p>\n<p>\u201cDespu\u00e9s de haber conocido tantas historias tr\u00e1gicas de toxico-dependientes y de sus familias, estoy convencido de que es moralmente correcto acabar con la producci\u00f3n y el tr\u00e1fico de estas sustancias peligrosas\u201d, asever\u00f3.<\/p>\n<p>Agreg\u00f3 que \u201cla producci\u00f3n y el tr\u00e1fico de drogas tambi\u00e9n tienen un impacto destructivo en nuestra casa com\u00fan\u201d y cit\u00f3 el ejemplo que se est\u00e1 produciendo \u201cen la cuenca amaz\u00f3nica\u201d.<\/p>\n<p>Para contrarrestar el abuso y el tr\u00e1fico de drogas, es necesaria \u201cla prevenci\u00f3n\u201d y esto se debe realizar \u201ceducando a los j\u00f3venes en los valores que construyen la vida personal y comunitaria, acompa\u00f1ando a los necesitados y dando esperanza en el futuro\u201d, dijo.<\/p>\n<p>\u201cAnte la tr\u00e1gica situaci\u00f3n de toxico-dependencia de millones de personas en todo el mundo, ante el esc\u00e1ndalo de la producci\u00f3n y del tr\u00e1fico il\u00edcitos de estas drogas, no podemos ser indiferentes\u201d, afirm\u00f3.<\/p>\n<p>E inst\u00f3 a todos \u201ca detenernos ante las situaciones de fragilidad y dolor, a saber escuchar el grito de la soledad y la angustia, a inclinarnos para levantar y traer de vuelta a la vida a aquellos que caen en la esclavitud de la droga\u201d.<\/p>\n<p>Asimismo pidi\u00f3 rezar para la conversi\u00f3n de \u201clos que dan la droga a los j\u00f3venes\u201d que, dijo, \u201cson unos criminales y unos asesinos\u201d.<\/p>\n<p>Como ejemplos de los esfuerzos de la Iglesia para afrontar este problema, Jorge Bergoglio destac\u00f3 la red de La Pastoral Latinoamericana de Acompa\u00f1amiento y Prevenci\u00f3n de Adicciones (PLAPA).<\/p>\n","protected":false},"excerpt":{"rendered":"<p>El papa Francisco dedic\u00f3 su discurso al D\u00eda Internacional de la Lucha contra el Uso&#8230;<\/p>\n","protected":false},"author":1,"featured_media":23395,"comment_status":"open","ping_status":"closed","sticky":false,"template":"","format":"standard","meta":{"footnotes":""},"categories":[5],"tags":[],"class_list":["post-23393","post","type-post","status-publish","format-standard","has-post-thumbnail","hentry","category-internacional"],"_links":{"self":[{"href":"https:\/\/sacramentoqr.com\/index.php?rest_route=\/wp\/v2\/posts\/23393","targetHints":{"allow":["GET"]}}],"collection":[{"href":"https:\/\/sacramentoqr.com\/index.php?rest_route=\/wp\/v2\/posts"}],"about":[{"href":"https:\/\/sacramentoqr.com\/index.php?rest_route=\/wp\/v2\/types\/post"}],"author":[{"embeddable":true,"href":"https:\/\/sacramentoqr.com\/index.php?rest_route=\/wp\/v2\/users\/1"}],"replies":[{"embeddable":true,"href":"https:\/\/sacramentoqr.com\/index.php?rest_route=%2Fwp%2Fv2%2Fcomments&post=23393"}],"version-history":[{"count":1,"href":"https:\/\/sacramentoqr.com\/index.php?rest_route=\/wp\/v2\/posts\/23393\/revisions"}],"predecessor-version":[{"id":23394,"href":"https:\/\/sacramentoqr.com\/index.php?rest_route=\/wp\/v2\/posts\/23393\/revisions\/23394"}],"wp:featuredmedia":[{"embeddable":true,"href":"https:\/\/sacramentoqr.com\/index.php?rest_route=\/wp\/v2\/media\/23395"}],"wp:attachment":[{"href":"https:\/\/sacramentoqr.com\/index.php?rest_route=%2Fwp%2Fv2%2Fmedia&parent=23393"}],"wp:term":[{"taxonomy":"category","embeddable":true,"href":"https:\/\/sacramentoqr.com\/index.php?rest_route=%2Fwp%2Fv2%2Fcategories&post=23393"},{"taxonomy":"post_tag","embeddable":true,"href":"https:\/\/sacramentoqr.com\/index.php?rest_route=%2Fwp%2Fv2%2Ftags&post=23393"}],"curies":[{"name":"wp","href":"https:\/\/api.w.org\/{rel}","templated":true}]}}