{"id":23426,"date":"2024-06-29T12:23:44","date_gmt":"2024-06-29T17:23:44","guid":{"rendered":"https:\/\/sacramentoqr.com\/?p=23426"},"modified":"2024-06-29T17:23:45","modified_gmt":"2024-06-29T17:23:45","slug":"paty-cantu-fue-invitada-por-la-vicepresidenta-kamala-harris-en-una-reunion-especial-para-latinos","status":"publish","type":"post","link":"https:\/\/sacramentoqr.com\/?p=23426","title":{"rendered":"Paty Cant\u00fa fue invitada por la vicepresidenta Kamala Harris en una reuni\u00f3n especial para latinos"},"content":{"rendered":"<p>La cantante mexicana, Paty Cant\u00fa ha compartido en su red social de \u2018X\u2019, unas fotos posando junto a la vicepresidenta Kamala Harris.<\/p>\n<p>Paty fue invitada a una reuni\u00f3n especial por y para la comunidad latina en Estados Unidos, la cantante se expres\u00f3 que esta reuni\u00f3n es importante, pues es recordatorio de que tanto los inmigrantes, los ciudadanos latinos y mexicanos que conforman Estados Unidos, merecen tener voz y un liderazgo respetuoso.<\/p>\n<p>\u201cAdondequiera que vayamos, dondequiera que se nace o se elige luchar por crecer y progresar, los latinos trabajamos duro, y nos ganamos nuestro derecho a elegir nuestro presente y futuro. El #votolatino importa\u201d<\/p>\n<p>La cantante hizo \u00e9nfasis en apoyar el voto latino y lo importante que es para la comunidad latina en Estados Unidos.<\/p>\n","protected":false},"excerpt":{"rendered":"<p>La cantante mexicana, Paty Cant\u00fa ha compartido en su red social de \u2018X\u2019, unas fotos&#8230;<\/p>\n","protected":false},"author":1,"featured_media":23428,"comment_status":"open","ping_status":"closed","sticky":false,"template":"","format":"standard","meta":{"footnotes":""},"categories":[4],"tags":[],"class_list":["post-23426","post","type-post","status-publish","format-standard","has-post-thumbnail","hentry","category-espectaculos"],"_links":{"self":[{"href":"https:\/\/sacramentoqr.com\/index.php?rest_route=\/wp\/v2\/posts\/23426","targetHints":{"allow":["GET"]}}],"collection":[{"href":"https:\/\/sacramentoqr.com\/index.php?rest_route=\/wp\/v2\/posts"}],"about":[{"href":"https:\/\/sacramentoqr.com\/index.php?rest_route=\/wp\/v2\/types\/post"}],"author":[{"embeddable":true,"href":"https:\/\/sacramentoqr.com\/index.php?rest_route=\/wp\/v2\/users\/1"}],"replies":[{"embeddable":true,"href":"https:\/\/sacramentoqr.com\/index.php?rest_route=%2Fwp%2Fv2%2Fcomments&post=23426"}],"version-history":[{"count":1,"href":"https:\/\/sacramentoqr.com\/index.php?rest_route=\/wp\/v2\/posts\/23426\/revisions"}],"predecessor-version":[{"id":23427,"href":"https:\/\/sacramentoqr.com\/index.php?rest_route=\/wp\/v2\/posts\/23426\/revisions\/23427"}],"wp:featuredmedia":[{"embeddable":true,"href":"https:\/\/sacramentoqr.com\/index.php?rest_route=\/wp\/v2\/media\/23428"}],"wp:attachment":[{"href":"https:\/\/sacramentoqr.com\/index.php?rest_route=%2Fwp%2Fv2%2Fmedia&parent=23426"}],"wp:term":[{"taxonomy":"category","embeddable":true,"href":"https:\/\/sacramentoqr.com\/index.php?rest_route=%2Fwp%2Fv2%2Fcategories&post=23426"},{"taxonomy":"post_tag","embeddable":true,"href":"https:\/\/sacramentoqr.com\/index.php?rest_route=%2Fwp%2Fv2%2Ftags&post=23426"}],"curies":[{"name":"wp","href":"https:\/\/api.w.org\/{rel}","templated":true}]}}