{"id":23509,"date":"2024-07-02T10:23:37","date_gmt":"2024-07-02T15:23:37","guid":{"rendered":"https:\/\/sacramentoqr.com\/?p=23509"},"modified":"2024-07-02T15:23:38","modified_gmt":"2024-07-02T15:23:38","slug":"crecen-joyeros-de-jalisco-6-en-primer-semestre","status":"publish","type":"post","link":"https:\/\/sacramentoqr.com\/?p=23509","title":{"rendered":"Crecen joyeros de Jalisco 6% en primer semestre"},"content":{"rendered":"<h4>La pr\u00f3xima edici\u00f3n de Expo Joya se realizar\u00e1 en Expo Guadalajara del 8 al 10 de octubre.<\/h4>\n<p>Las ventas de los joyeros crecieron 6 por ciento en el primer semestre del a\u00f1o en comparaci\u00f3n con el mismo periodo del 2023, inform\u00f3 Lourdes C\u00e1zares Ruiz, presidenta de la C\u00e1mara de Joyer\u00eda Jalisco.<\/p>\n<p>\u00abEste a\u00f1o 2024 vamos a seguir dando continuidad a los proyectos que tenemos con antelaci\u00f3n con el objetivo de consolidar a Jalisco con impulso de industrializaci\u00f3n de nuestro sector. Seguimos en la estimaci\u00f3n anual de un crecimiento de 13 por ciento\u00bb, apunt\u00f3.<\/p>\n<p>\u00abA la fecha hablamos de un crecimiento de 6 por ciento, aproximadamente, adem\u00e1s de exposiciones importantes como en febrero en Ciudad de M\u00e9xico y abril en Guadalajara\u00bb, a\u00f1adi\u00f3.<\/p>\n<p>En ese sentido se\u00f1al\u00f3 que durante Expo Joya en la Ciudad de M\u00e9xico, realizada del 11 al 13 de junio pasado, tuvieron un crecimiento de 26 por ciento en el pabell\u00f3n oro, lo cual, dijo, es significativo porque habla del gusto del p\u00fablico en general.<br \/>\n\u00abNos habla de nuestra mercanc\u00eda, la selecci\u00f3n de nuestros estands, vendemos el 100 por ciento y en esta Expo hay crecimiento y se integra 55 por ciento de oro y diamantes, mientras que el de bisuter\u00eda y otro 45 por ciento\u00bb, detall\u00f3.<\/p>\n<p>Adem\u00e1s, resalt\u00f3 que contin\u00faan trabajando con tendencias, con m\u00e1s publicidad en raz\u00f3n al gusto de la joyer\u00eda, \u00abpara tener una liquidez y seguridad financiera e impulsar la joyer\u00eda fabricada en el Pa\u00eds\u00bb.<\/p>\n<p>Para el segundo semestre del a\u00f1o esperan un crecimiento m\u00e1s acelerado para alcanzar el 13 por ciento anual a fin de a\u00f1o, adem\u00e1s de trabajar con los nuevos gobiernos.<\/p>\n<p>\u00abEstamos invitando a jaliscienses y dise\u00f1adores de todo el Pa\u00eds para hacer m\u00e1s oferta. Adem\u00e1s, tenemos Expo Joya en octubre (del d\u00eda 8 al 10) en Guadalajara y es fecha importante para trabajar con las nuevas autoridades\u00bb, concluy\u00f3.<\/p>\n","protected":false},"excerpt":{"rendered":"<p>La pr\u00f3xima edici\u00f3n de Expo Joya se realizar\u00e1 en Expo Guadalajara del 8 al 10&#8230;<\/p>\n","protected":false},"author":1,"featured_media":23511,"comment_status":"open","ping_status":"closed","sticky":false,"template":"","format":"standard","meta":{"footnotes":""},"categories":[19,7],"tags":[],"class_list":["post-23509","post","type-post","status-publish","format-standard","has-post-thumbnail","hentry","category-jalisco","category-nacional"],"_links":{"self":[{"href":"https:\/\/sacramentoqr.com\/index.php?rest_route=\/wp\/v2\/posts\/23509","targetHints":{"allow":["GET"]}}],"collection":[{"href":"https:\/\/sacramentoqr.com\/index.php?rest_route=\/wp\/v2\/posts"}],"about":[{"href":"https:\/\/sacramentoqr.com\/index.php?rest_route=\/wp\/v2\/types\/post"}],"author":[{"embeddable":true,"href":"https:\/\/sacramentoqr.com\/index.php?rest_route=\/wp\/v2\/users\/1"}],"replies":[{"embeddable":true,"href":"https:\/\/sacramentoqr.com\/index.php?rest_route=%2Fwp%2Fv2%2Fcomments&post=23509"}],"version-history":[{"count":1,"href":"https:\/\/sacramentoqr.com\/index.php?rest_route=\/wp\/v2\/posts\/23509\/revisions"}],"predecessor-version":[{"id":23510,"href":"https:\/\/sacramentoqr.com\/index.php?rest_route=\/wp\/v2\/posts\/23509\/revisions\/23510"}],"wp:featuredmedia":[{"embeddable":true,"href":"https:\/\/sacramentoqr.com\/index.php?rest_route=\/wp\/v2\/media\/23511"}],"wp:attachment":[{"href":"https:\/\/sacramentoqr.com\/index.php?rest_route=%2Fwp%2Fv2%2Fmedia&parent=23509"}],"wp:term":[{"taxonomy":"category","embeddable":true,"href":"https:\/\/sacramentoqr.com\/index.php?rest_route=%2Fwp%2Fv2%2Fcategories&post=23509"},{"taxonomy":"post_tag","embeddable":true,"href":"https:\/\/sacramentoqr.com\/index.php?rest_route=%2Fwp%2Fv2%2Ftags&post=23509"}],"curies":[{"name":"wp","href":"https:\/\/api.w.org\/{rel}","templated":true}]}}