{"id":23529,"date":"2024-07-04T12:10:23","date_gmt":"2024-07-04T17:10:23","guid":{"rendered":"https:\/\/sacramentoqr.com\/?p=23529"},"modified":"2024-07-04T17:10:24","modified_gmt":"2024-07-04T17:10:24","slug":"joaquin-sabina-anuncia-gira-del-retiro","status":"publish","type":"post","link":"https:\/\/sacramentoqr.com\/?p=23529","title":{"rendered":"Joaqu\u00edn Sabina anuncia gira del retiro"},"content":{"rendered":"<h4>El cantante espa\u00f1ol prepara el \u00faltimo espect\u00e1culo de su carrera llamado \u2018Hola y Adi\u00f3s\u2019<\/p>\n<p>Todos los seguidores de Joaqu\u00edn Sabina en estos momentos est\u00e1n en shock por la noticia que el mismo cantante acaba de dar por medio de sus redes sociales.<\/h4>\n<p>El compositor espa\u00f1ol anunci\u00f3 que est\u00e1 a punto de retirarse de los escenarios con una gira de despedida llamada \u2018Hola y Adios\u2019, la cual empezar\u00e1n el pr\u00f3ximo a\u00f1o.<\/p>\n<p>&nbsp;<\/p>\n<p>De acuerdo con el comunicado que sac\u00f3 el m\u00fasico, el fin de su carrera musical empezar\u00e1 en febrero de 2025 donde pasar\u00e1 por algunos pa\u00edses de Am\u00e9rica Latina, Estados Unidos y Europa.<\/p>\n<p>\u201cLa gira comenzar\u00e1 en el pr\u00f3ximo mes de febrero 2025 en Am\u00e9rica y durante 11 semanas recorrer\u00e1 M\u00e9xico, Estados Unidos, Costa Rica, Colombia, Per\u00fa, chile, Uruguay y Argentina. Tras una breve pausa la gira seguir\u00e1 su rumbo a Espa\u00f1a y Europa, hasta su final en el mes de noviembre. Las fechas, ciudades y venta de entradas se dar\u00edan a conocer en el mes de julio para Am\u00e9rica y en septiembre para Espa\u00f1a\u201d, detall\u00f3.<\/p>\n<p>La serie de conciertos de \u2018Hola y Adi\u00f3s\u2019 de Joaqu\u00edn Sabina tendr\u00e1 m\u00e1s peso en M\u00e9xico, donde ofrecer\u00e1 m\u00e1s presentaciones que en otros pa\u00edses. As\u00ed que arma tu agenda para cuando salgan los boletos seas de los afortunados de ver por \u00faltima vez en acci\u00f3n al cantante interpretando sus cl\u00e1sicos temas.<\/p>\n<p>&nbsp;<\/p>\n<p>Gira de Joaqu\u00edn Sabina en M\u00e9xico 2025<\/p>\n<p>1 de febrero. Auditorio Nacional CDMX<br \/>\n4 de febrero. Auditorio Nacional CDMX<br \/>\n7 de febrero. Auditorio Telmex Guadalajara<br \/>\n10 de febrero. Auditorio Nacional CDMX<br \/>\n12 de febrero. Auditorio Nacional CDMX<\/p>\n","protected":false},"excerpt":{"rendered":"<p>El cantante espa\u00f1ol prepara el \u00faltimo espect\u00e1culo de su carrera llamado \u2018Hola y Adi\u00f3s\u2019 Todos&#8230;<\/p>\n","protected":false},"author":1,"featured_media":23531,"comment_status":"open","ping_status":"closed","sticky":false,"template":"","format":"standard","meta":{"footnotes":""},"categories":[4],"tags":[],"class_list":["post-23529","post","type-post","status-publish","format-standard","has-post-thumbnail","hentry","category-espectaculos"],"_links":{"self":[{"href":"https:\/\/sacramentoqr.com\/index.php?rest_route=\/wp\/v2\/posts\/23529","targetHints":{"allow":["GET"]}}],"collection":[{"href":"https:\/\/sacramentoqr.com\/index.php?rest_route=\/wp\/v2\/posts"}],"about":[{"href":"https:\/\/sacramentoqr.com\/index.php?rest_route=\/wp\/v2\/types\/post"}],"author":[{"embeddable":true,"href":"https:\/\/sacramentoqr.com\/index.php?rest_route=\/wp\/v2\/users\/1"}],"replies":[{"embeddable":true,"href":"https:\/\/sacramentoqr.com\/index.php?rest_route=%2Fwp%2Fv2%2Fcomments&post=23529"}],"version-history":[{"count":1,"href":"https:\/\/sacramentoqr.com\/index.php?rest_route=\/wp\/v2\/posts\/23529\/revisions"}],"predecessor-version":[{"id":23530,"href":"https:\/\/sacramentoqr.com\/index.php?rest_route=\/wp\/v2\/posts\/23529\/revisions\/23530"}],"wp:featuredmedia":[{"embeddable":true,"href":"https:\/\/sacramentoqr.com\/index.php?rest_route=\/wp\/v2\/media\/23531"}],"wp:attachment":[{"href":"https:\/\/sacramentoqr.com\/index.php?rest_route=%2Fwp%2Fv2%2Fmedia&parent=23529"}],"wp:term":[{"taxonomy":"category","embeddable":true,"href":"https:\/\/sacramentoqr.com\/index.php?rest_route=%2Fwp%2Fv2%2Fcategories&post=23529"},{"taxonomy":"post_tag","embeddable":true,"href":"https:\/\/sacramentoqr.com\/index.php?rest_route=%2Fwp%2Fv2%2Ftags&post=23529"}],"curies":[{"name":"wp","href":"https:\/\/api.w.org\/{rel}","templated":true}]}}