{"id":23532,"date":"2024-07-04T12:15:20","date_gmt":"2024-07-04T17:15:20","guid":{"rendered":"https:\/\/sacramentoqr.com\/?p=23532"},"modified":"2024-07-04T17:15:21","modified_gmt":"2024-07-04T17:15:21","slug":"inauguran-en-leon-la-octava-edicion-del-sustainable-social-tourism-summit","status":"publish","type":"post","link":"https:\/\/sacramentoqr.com\/?p=23532","title":{"rendered":"Inauguran en Le\u00f3n la octava edici\u00f3n del Sustainable &amp; Social Tourism Summit"},"content":{"rendered":"<h4>La inauguraci\u00f3n de la octava edici\u00f3n del Sustainable &amp; Social Tourism Summit cont\u00f3 con la participaci\u00f3n de autoridades locales y l\u00edderes del sector tur\u00edstico, unidos en impulsar alianzas para modelos sostenibles y equitativos.<\/h4>\n<p>Le\u00f3n, Gto.- Con la presencia de diversas autoridades locales y figuras clave en el sector tur\u00edstico, Juan Jos\u00e9 \u00c1lvarez Brunel, secretario de Turismo de Guanajuato, inaugur\u00f3 la octava edici\u00f3n del Sustainable &amp; Social Tourism Summit, que por tercera ocasi\u00f3n se realiza en la ciudad de Le\u00f3n, del 3 al 6 de julio de 2024.<\/p>\n<p>En la presentaci\u00f3n del evento, cuyo tema central es \u201cResultados que impactan, compromisos que inspiran\u201d, Brunel destac\u00f3 la importancia de concretar alianzas entre los estados del pa\u00eds y la iniciativa privada para impulsar el desarrollo de nuevos modelos sostenibles de turismo.<\/p>\n<p>Fernando Madri Bellot, presidente del Sustainable &amp; Social Tourism Summit, hizo un llamado a redoblar los esfuerzos en el di\u00e1logo entre organismos p\u00fablicos y privados para superar los retos significativos del turismo sustentable, asegurando que beneficios econ\u00f3micos se distribuyan equitativamente, \u201cno hay que olvidar la dimensi\u00f3n social del turismo\u201d.<\/p>\n<p>La adaptaci\u00f3n al cambio clim\u00e1tico y el desarrollo de infraestructuras resilientes que reduzcan la vulnerabilidad son compromisos respaldados a nivel global por la Agenda 2030 y la Declaraci\u00f3n de Glasgow sobre el turismo sostenible, se\u00f1al\u00f3 Bellot.<\/p>\n<p>Desde el summit, \u201chemos sido y seguiremos siendo promotores activos de estas acciones, asegurando que es posible proteger nuestros entornos naturales mientras se ofrece una experiencia tur\u00edstica que beneficie a las comunidades locales\u201d.<\/p>\n<p>Acciones nacionales<br \/>\nPor su parte, Marco Antonio Espinosa Maga\u00f1a, director general de Sustentabilidad de la Secretar\u00eda de Turismo (Sectur), destac\u00f3 que la dependencia acept\u00f3 el desaf\u00edo de alinear sus proyectos con los objetivos de desarrollo sostenible de la ONU, buscando no solo impulsar las econom\u00edas, sino tambi\u00e9n proteger el medio ambiente.<\/p>\n<p>\u201cLos desaf\u00edos globales actuales requieren una respuesta responsable y proactiva\u201d, los proyectos implementados est\u00e1n alineados al cumplimiento de nueve de los 17 objetivos de desarrollo sostenible de la ONU, entre los que se encuentran la creaci\u00f3n de destinos tur\u00edsticos sostenibles, como parte de un esfuerzo para gestionar el turismo de manera ordenada en todo el territorio con empleo justos que impulse el crecimiento econ\u00f3mico \u201cgarantizando que el turismo sea inclusivo socialmente, equitativo econ\u00f3micamente y responsable ambientalmente\u201d.<\/p>\n<p>Durante el evento, se espera la participaci\u00f3n de expertos que compartir\u00e1n conocimiento para impulsar la sostenibilidad en el sector tur\u00edstico. A la inauguraci\u00f3n tambi\u00e9n acudieron las secretarias de Turismo de la Ciudad de M\u00e9xico, Nathalie Desplas, y de Nuevo Le\u00f3n, Maricarmen Mart\u00ednez Villarreal.<\/p>\n","protected":false},"excerpt":{"rendered":"<p>La inauguraci\u00f3n de la octava edici\u00f3n del Sustainable &amp; Social Tourism Summit cont\u00f3 con la&#8230;<\/p>\n","protected":false},"author":1,"featured_media":23534,"comment_status":"open","ping_status":"closed","sticky":false,"template":"","format":"standard","meta":{"footnotes":""},"categories":[7],"tags":[],"class_list":["post-23532","post","type-post","status-publish","format-standard","has-post-thumbnail","hentry","category-nacional"],"_links":{"self":[{"href":"https:\/\/sacramentoqr.com\/index.php?rest_route=\/wp\/v2\/posts\/23532","targetHints":{"allow":["GET"]}}],"collection":[{"href":"https:\/\/sacramentoqr.com\/index.php?rest_route=\/wp\/v2\/posts"}],"about":[{"href":"https:\/\/sacramentoqr.com\/index.php?rest_route=\/wp\/v2\/types\/post"}],"author":[{"embeddable":true,"href":"https:\/\/sacramentoqr.com\/index.php?rest_route=\/wp\/v2\/users\/1"}],"replies":[{"embeddable":true,"href":"https:\/\/sacramentoqr.com\/index.php?rest_route=%2Fwp%2Fv2%2Fcomments&post=23532"}],"version-history":[{"count":1,"href":"https:\/\/sacramentoqr.com\/index.php?rest_route=\/wp\/v2\/posts\/23532\/revisions"}],"predecessor-version":[{"id":23533,"href":"https:\/\/sacramentoqr.com\/index.php?rest_route=\/wp\/v2\/posts\/23532\/revisions\/23533"}],"wp:featuredmedia":[{"embeddable":true,"href":"https:\/\/sacramentoqr.com\/index.php?rest_route=\/wp\/v2\/media\/23534"}],"wp:attachment":[{"href":"https:\/\/sacramentoqr.com\/index.php?rest_route=%2Fwp%2Fv2%2Fmedia&parent=23532"}],"wp:term":[{"taxonomy":"category","embeddable":true,"href":"https:\/\/sacramentoqr.com\/index.php?rest_route=%2Fwp%2Fv2%2Fcategories&post=23532"},{"taxonomy":"post_tag","embeddable":true,"href":"https:\/\/sacramentoqr.com\/index.php?rest_route=%2Fwp%2Fv2%2Ftags&post=23532"}],"curies":[{"name":"wp","href":"https:\/\/api.w.org\/{rel}","templated":true}]}}