{"id":23569,"date":"2024-07-05T15:46:01","date_gmt":"2024-07-05T20:46:01","guid":{"rendered":"https:\/\/sacramentoqr.com\/?p=23569"},"modified":"2024-07-05T20:46:02","modified_gmt":"2024-07-05T20:46:02","slug":"julion-alvarez-sorprende-al-cantar-en-concierto-con-brincos-dieras-asi-suenan-la-voz-del-comediante","status":"publish","type":"post","link":"https:\/\/sacramentoqr.com\/?p=23569","title":{"rendered":"Juli\u00f3n \u00c1lvarez sorprende al cantar en concierto con Brincos Dieras; as\u00ed suenan la voz del comediante"},"content":{"rendered":"<h4>Los famosos artistas compartieron escenario durante su estancia en San Juan del R\u00edo, Quer\u00e9taro donde sorprendieron a todos al parecer juntos en el escenario para interpretar una canci\u00f3n.<\/h4>\n<p>#ENTRETENIMIENTO Juli\u00f3n \u00c1lvarez, famoso cantante mexicano, sorprendi\u00f3 a todos sus fan\u00e1ticos durante su \u00faltima presentaci\u00f3n ocurrida en San Juan del R\u00edo, Quer\u00e9taro, pues present\u00f3 en el escenario un invitado que muy pocos se habr\u00edan espera, el payaso y comediante Brincos Dieras.<\/p>\n<p>El hecho se ha convertido un tema de conversaci\u00f3n entre los fan\u00e1ticos de ambos famosos y ocurri\u00f3\u00a0en el cierre del Palenque de la Feria de San Juan del R\u00edo 2024, donde el int\u00e9rprete del regional mexicano subi\u00f3 al escenario al comediante regiomontano quien se hab\u00eda presentado hace algunas horas en el Teatro del Pueblo en la misma feria.<\/p>\n<p>Aqu\u00ed te compartimos el video del inesperado dueto de Juli\u00f3n Alvarez y Brincos Dieras para que escuches como suena la voz del comediante cantando regional mexicano.<\/p>\n<p>Juli\u00f3n \u00c1lvarez caus\u00f3 sensaci\u00f3n al presentar al comediante Brincos Dieras para unir sus voces durante su concierto. Los famosos interpretaron temas del cl\u00e1sico regional comenzando con la canci\u00f3n\u00a0&#8216;Los dos amigos&#8217;, para posteriormente continuar con &#8216;Tragos de amargo licor&#8217;.<\/p>\n<p>Al concluir la participaci\u00f3n de Brincos Dieras, Juli\u00f3n \u00c1lvarez invit\u00f3 al comediante a sentarse junto al p\u00fablico para disfrutar del resto del concierto, adem\u00e1s de agradecer su presencia en el escenario.<\/p>\n<div style=\"width: 576px;\" class=\"wp-video\"><video class=\"wp-video-shortcode\" id=\"video-23569-1\" width=\"576\" height=\"822\" preload=\"metadata\" controls=\"controls\"><source type=\"video\/mp4\" src=\"https:\/\/paginascdmx.site\/wp-content\/uploads\/2024\/07\/WhatsApp-Video-2024-07-05-at-14.36.38.mp4?_=1\" \/><a href=\"https:\/\/paginascdmx.site\/wp-content\/uploads\/2024\/07\/WhatsApp-Video-2024-07-05-at-14.36.38.mp4\">https:\/\/paginascdmx.site\/wp-content\/uploads\/2024\/07\/WhatsApp-Video-2024-07-05-at-14.36.38.mp4<\/a><\/video><\/div>\n","protected":false},"excerpt":{"rendered":"<p>Los famosos artistas compartieron escenario durante su estancia en San Juan del R\u00edo, Quer\u00e9taro donde&#8230;<\/p>\n","protected":false},"author":1,"featured_media":23571,"comment_status":"open","ping_status":"closed","sticky":false,"template":"","format":"standard","meta":{"footnotes":""},"categories":[4],"tags":[],"class_list":["post-23569","post","type-post","status-publish","format-standard","has-post-thumbnail","hentry","category-espectaculos"],"_links":{"self":[{"href":"https:\/\/sacramentoqr.com\/index.php?rest_route=\/wp\/v2\/posts\/23569","targetHints":{"allow":["GET"]}}],"collection":[{"href":"https:\/\/sacramentoqr.com\/index.php?rest_route=\/wp\/v2\/posts"}],"about":[{"href":"https:\/\/sacramentoqr.com\/index.php?rest_route=\/wp\/v2\/types\/post"}],"author":[{"embeddable":true,"href":"https:\/\/sacramentoqr.com\/index.php?rest_route=\/wp\/v2\/users\/1"}],"replies":[{"embeddable":true,"href":"https:\/\/sacramentoqr.com\/index.php?rest_route=%2Fwp%2Fv2%2Fcomments&post=23569"}],"version-history":[{"count":1,"href":"https:\/\/sacramentoqr.com\/index.php?rest_route=\/wp\/v2\/posts\/23569\/revisions"}],"predecessor-version":[{"id":23570,"href":"https:\/\/sacramentoqr.com\/index.php?rest_route=\/wp\/v2\/posts\/23569\/revisions\/23570"}],"wp:featuredmedia":[{"embeddable":true,"href":"https:\/\/sacramentoqr.com\/index.php?rest_route=\/wp\/v2\/media\/23571"}],"wp:attachment":[{"href":"https:\/\/sacramentoqr.com\/index.php?rest_route=%2Fwp%2Fv2%2Fmedia&parent=23569"}],"wp:term":[{"taxonomy":"category","embeddable":true,"href":"https:\/\/sacramentoqr.com\/index.php?rest_route=%2Fwp%2Fv2%2Fcategories&post=23569"},{"taxonomy":"post_tag","embeddable":true,"href":"https:\/\/sacramentoqr.com\/index.php?rest_route=%2Fwp%2Fv2%2Ftags&post=23569"}],"curies":[{"name":"wp","href":"https:\/\/api.w.org\/{rel}","templated":true}]}}