{"id":23572,"date":"2024-07-05T15:50:02","date_gmt":"2024-07-05T20:50:02","guid":{"rendered":"https:\/\/sacramentoqr.com\/?p=23572"},"modified":"2024-07-05T20:50:03","modified_gmt":"2024-07-05T20:50:03","slug":"espana-logra-la-hazana-y-deja-a-la-euro-2024-sin-su-anfitrion-alemania","status":"publish","type":"post","link":"https:\/\/sacramentoqr.com\/?p=23572","title":{"rendered":"Espa\u00f1a logra la haza\u00f1a y deja a la Euro 2024 sin su anfitri\u00f3n Alemania"},"content":{"rendered":"<h4>La escuadra ib\u00e9rica se alza con el triunfo en un duelo dram\u00e1tico, \u00e9pico y que se resolvi\u00f3 en los tiempos extra dentro de los Cuartos de Final.<\/h4>\n<p>Espa\u00f1a sac\u00f3 la &#8216;Furia&#8217;, el empuje, sus m\u00e1ximas virtudes, y todos sus honores, todo lo que estuviera al alcance para hacer frente a un hist\u00f3rico como Alemania, a un todopoderoso en el futbol, al menos otrora y hoy, simplemente reducido a una comparsa de los verdaderos gigantes.<\/p>\n<p>El conjunto ib\u00e9rico sac\u00f3 el resultado de 2-1 ante la &#8216;Mannschaft&#8217; en los Cuartos de Final de la Euro 2024 en un duelo por dem\u00e1s dram\u00e1tico y que lleg\u00f3 a los tiempos extra, para aderezar un torneo que de por s\u00ed ten\u00eda la cafe\u00edna al m\u00e1ximo, pero que ahora, pierde a su anfitri\u00f3n.<\/p>\n<p>Los dos titanes se apegaron al gui\u00f3n que estaba dictado para Stuttgart: un duelo de tensi\u00f3n, respeto, pero tambi\u00e9n de emociones, y Espa\u00f1a fue la que mejor entendi\u00f3 esto \u00faltimo, al ser el equipo que gener\u00f3 peligro por raudales en los primeros minutos.<\/p>\n<p>Morata, Williams y Lamine se encargaron de inquietar a la zaga alemana, pero el primer golpe recibido por los ib\u00e9ricos vino por una fuerte falta de Toni Kroos, quien derrib\u00f3 de forma imprudente a Pedri. El elemento del Barcelona se fue lesionado del encuentro a final de cuentas.<\/p>\n<p>Alemania tambi\u00e9n inquiet\u00f3 a Unai Sim\u00f3n, sobre todo por v\u00eda de Kai Havertz. Fue cuando ambos equipos entendieron que pod\u00edan hacerse da\u00f1o, y bajaron las revoluciones hasta el segundo tiempo.<\/p>\n<p>Stuttgart se despidi\u00f3 de la Eurocopa 2024 de una forma excelsa, con un duelo \u00e9pico, dram\u00e1tico, vamos, como se esperaba la famosa &#8216;Final adelantada&#8217; en esta competencia. Algo grandioso estaba por cocinarse, iniciando con el gol de Dani Olmo a los 51&#8242;, quien entr\u00f3 para sustituir a Pedri en el primer tiempo.<\/p>\n<p>Lamine Yamal tir\u00f3 un centro a ras de pasto por derecha para Olmo quien casi desde la media luna sac\u00f3 un tiro colocado, imposible para Manuel Neuer y hacer estallar a la afici\u00f3n por primera vez en Stuttgart.<\/p>\n<p>Julian Nagelsmann no esper\u00f3: junt\u00f3 a Niclas F\u00fcllkrug con Kai Havertz, adem\u00e1s de mantener a Musiala y meter a M\u00fcller, todas las salchichas al asador para el conjunto alem\u00e1n que presion\u00f3 hasta lo indecible en busca del empate&#8230; y lo consigui\u00f3 v\u00eda Florian Wirtz, otro de los que reci\u00e9n ingresaron en el complemento, y ya en el \u00faltimo minuto del tiempo oficial, para mandar todo a tiempos extra.<\/p>\n<p>La afici\u00f3n, jugadores y cuerpo t\u00e9cnico de Alemania lo ol\u00edan: la &#8216;Mannschaft&#8217; pod\u00eda acabar todo antes de llegar a los penales. El &#8216;Talism\u00e1n&#8217; F\u00fcllkrg tuvo varias chances de hacerlo, pero esta vez, la pelota no entr\u00f3. La pol\u00e9mica surgi\u00f3 tambi\u00e9n en el sur de Alemania, con dos acciones posiblemente penal a favor de los germanos y que, finalmente, ni el VAR consider\u00f3 necesario intervenir.<\/p>\n<p>Quien s\u00ed intervino fue Mikel Merino, en un centro de Dani Olmo, para que un cabezazo poco fuerte pero muy certero acabara por vencer a Manuel Neuer. Espa\u00f1a consigui\u00f3 el gol en el 119&#8242;, para que Alemania no pudiera reaccionar, a pesar de quedarse sin Dani Carvajal en los \u00faltimos minutos por expulsi\u00f3n. La &#8216;Furia&#8217; invadi\u00f3 a Alemania despu\u00e9s de esa pol\u00e9mica, tambi\u00e9n a Toni Kroos, quien hab\u00eda anunciado que se retiraba despu\u00e9s de esta Euro 2024 de un futbol profesional que ahora vivir\u00e1 sin el gran mediocampista teut\u00f3n y una Eurocopa que queda hu\u00e9rfana de su anfitri\u00f3n.<\/p>\n","protected":false},"excerpt":{"rendered":"<p>La escuadra ib\u00e9rica se alza con el triunfo en un duelo dram\u00e1tico, \u00e9pico y que&#8230;<\/p>\n","protected":false},"author":1,"featured_media":23574,"comment_status":"open","ping_status":"closed","sticky":false,"template":"","format":"standard","meta":{"footnotes":""},"categories":[3],"tags":[],"class_list":["post-23572","post","type-post","status-publish","format-standard","has-post-thumbnail","hentry","category-deportes"],"_links":{"self":[{"href":"https:\/\/sacramentoqr.com\/index.php?rest_route=\/wp\/v2\/posts\/23572","targetHints":{"allow":["GET"]}}],"collection":[{"href":"https:\/\/sacramentoqr.com\/index.php?rest_route=\/wp\/v2\/posts"}],"about":[{"href":"https:\/\/sacramentoqr.com\/index.php?rest_route=\/wp\/v2\/types\/post"}],"author":[{"embeddable":true,"href":"https:\/\/sacramentoqr.com\/index.php?rest_route=\/wp\/v2\/users\/1"}],"replies":[{"embeddable":true,"href":"https:\/\/sacramentoqr.com\/index.php?rest_route=%2Fwp%2Fv2%2Fcomments&post=23572"}],"version-history":[{"count":1,"href":"https:\/\/sacramentoqr.com\/index.php?rest_route=\/wp\/v2\/posts\/23572\/revisions"}],"predecessor-version":[{"id":23573,"href":"https:\/\/sacramentoqr.com\/index.php?rest_route=\/wp\/v2\/posts\/23572\/revisions\/23573"}],"wp:featuredmedia":[{"embeddable":true,"href":"https:\/\/sacramentoqr.com\/index.php?rest_route=\/wp\/v2\/media\/23574"}],"wp:attachment":[{"href":"https:\/\/sacramentoqr.com\/index.php?rest_route=%2Fwp%2Fv2%2Fmedia&parent=23572"}],"wp:term":[{"taxonomy":"category","embeddable":true,"href":"https:\/\/sacramentoqr.com\/index.php?rest_route=%2Fwp%2Fv2%2Fcategories&post=23572"},{"taxonomy":"post_tag","embeddable":true,"href":"https:\/\/sacramentoqr.com\/index.php?rest_route=%2Fwp%2Fv2%2Ftags&post=23572"}],"curies":[{"name":"wp","href":"https:\/\/api.w.org\/{rel}","templated":true}]}}