{"id":23617,"date":"2024-07-07T16:39:06","date_gmt":"2024-07-07T21:39:06","guid":{"rendered":"https:\/\/sacramentoqr.com\/?p=23617"},"modified":"2024-07-07T21:39:08","modified_gmt":"2024-07-07T21:39:08","slug":"puebla-con-un-ecosistema-de-clusterizacion-consolidados-economia","status":"publish","type":"post","link":"https:\/\/sacramentoqr.com\/?p=23617","title":{"rendered":"Puebla, con un ecosistema de clusterizaci\u00f3n consolidados: Econom\u00eda"},"content":{"rendered":"<p>A trav\u00e9s de la clusterizaci\u00f3n, ahora tienen una estrategia con cuatro ejes: innovaci\u00f3n, sustentabilidad, vinculaci\u00f3n y desarrollo. Adem\u00e1s, la atracci\u00f3n de inversiones, con lo que se coordinar\u00e1 y unir\u00e1 a los diferentes eslabones de la cadena textil y de la confecci\u00f3n.<\/p>\n<p>Puebla, Pue. En el sexenio estatal por concluir se dejar\u00e1 un ecosistema de 25 cl\u00fasteres consolidados, de los cuales cuatro faltan por constituirse, pero mediante este esquema organizativo se deben manejar las empresas en materia de competitividad y productiva, consider\u00f3 el secretario de Econom\u00eda local, Ermilo Barrera Novelo.<\/p>\n<p>Coment\u00f3 que en la actual administraci\u00f3n que terminar\u00e1 el 14 de diciembre se dio un paso importante en la clusterizaci\u00f3n, ya que solo estaba el de la industria automotriz y de Tecnolog\u00edas de la Informaci\u00f3n. El primero, formalizado por las autoridades en el 2016, mientras que el segundo se fue constituyendo.<\/p>\n<p>Destac\u00f3 que bajo este modelo se puede elevar la competitividad de las empresas agrupadas para trabajar con gobierno y universidades en innovaci\u00f3n, tema importante para alcanzar un nivel que permita hacer inversiones mejor planeadas como sectores y a su vez atraer inversi\u00f3n extranjera.<\/p>\n<p>Coment\u00f3 que la consolidaci\u00f3n de cl\u00fasteres se hizo bajo la perspectiva de aprovechar lo que se tiene como sectores para impulsar, primero la organizaci\u00f3n y luego las sinergias, ya que todo quedaba entre los empresarios y no hab\u00eda una vinculaci\u00f3n con autoridades.<\/p>\n<p>\u201cLos cl\u00fasteres representan el 92% del PIB estatal y el 60% de empleos formales, datos que hablan de la importancia que tienen como sectores aglutinados y con los cuales se debe trabajar, lo cual han entendido los propios empresarios que quieren creer\u201d, apunt\u00f3.<\/p>\n<p>Reconocimiento de la ley<br \/>\nBarrera Novelo record\u00f3 que en la Ley de Desarrollo Econ\u00f3mico Sustentable est\u00e1n revalorizados los cl\u00fasteres como ejes de desarrollo, a los cuales se les tiene que dar incentivos fiscales para que sean m\u00e1s competitivos y que otras empresas quieran formar parte de ellos.<\/p>\n<p>Al inicio de la administraci\u00f3n, en agosto de 2021, se percataron que Puebla deb\u00eda transitar a una nueva etapa que permitiera impulsar el tejido productivo hacia la competitividad, as\u00ed como encontrar mejores alternativas en la b\u00fasqueda de m\u00e1s y mejores mercados.<\/p>\n<p>Indic\u00f3 que estas acciones han mejorado las condiciones de empleo, adem\u00e1s de que han generado oportunidades para que las micro, peque\u00f1as y medianas empresas, que representan el 99%, de las unidades econ\u00f3micas, puedan ser parte de las cadenas de valor de las grandes empresas.<\/p>\n<p>Refiri\u00f3 que esta pol\u00edtica de clusterizaci\u00f3n ha dado resultados positivos en los indicadores econ\u00f3micos, pues la industria textil pas\u00f3 de un decrecimiento en el valor de la producci\u00f3n de al menos 4.5% a un crecimiento del 27.6%.<\/p>\n<p>Detall\u00f3 que ahora se tienen cl\u00fasteres en la industria automotriz, agroalimentaria, textil y confecci\u00f3n; tecnolog\u00edas de la informaci\u00f3n y servicios empresariales; energ\u00e9tico; educaci\u00f3n y desarrollo del talento; de fabricaci\u00f3n e innovaci\u00f3n de muebles; el de los barrios fundacionales de Puebla y el de m\u00e1rmol y \u00f3nix.<\/p>\n<p>Adem\u00e1s, hay subcl\u00fasteres, que incluyen, turismo m\u00e9dico, el del agave y mezcal, el de flores de ornato de la regi\u00f3n de Atlixco, adem\u00e1s del de entretenimiento de la zona de Cholula, as\u00ed como el de desarrollo econ\u00f3mico de la Sierra Norte.<\/p>\n<p>Cl\u00faster textil apuesta por competitividad<br \/>\nAl respecto, Carlos Couttolenc L\u00f3pez, presidente del Cl\u00faster de la Industria Textil y de Confecci\u00f3n, con 30 empresas, destac\u00f3 que buscan busca impulsar una mayor competitividad a trav\u00e9s de la innovaci\u00f3n y que contribuya a tener mejores exportaciones, pero ser\u00e1 positivo que se sumen m\u00e1s, ya que hay m\u00e1s de 300 f\u00e1bricas instaladas.<\/p>\n<p>\u201cPasamos de una idea a un proyecto consolidado en favor de la industria para lograr una actualizaci\u00f3n de los procesos productivos con nuevas estrategias que incluyen la comercializaci\u00f3n\u201d, ahond\u00f3.<\/p>\n<p>Indic\u00f3 que tienen m\u00e1s de un a\u00f1o como cl\u00faster y ven oportunidades de hacer sinergias con el cl\u00faster de educaci\u00f3n para generar carreras profesionales enfocadas a la industria textil, con lo cual se ayude a resolver carencias en mano de obra especializada.<\/p>\n<p>Couttolenc L\u00f3pez coment\u00f3 que el sector textilero genera 79,000 empleos directos y 15,000 millones de pesos al a\u00f1o, teniendo una importante participaci\u00f3n en la econom\u00eda despu\u00e9s de la industria automotriz.<\/p>\n<p>A trav\u00e9s de la clusterizaci\u00f3n, ahora tienen una estrategia con cuatro ejes: innovaci\u00f3n, sustentabilidad, vinculaci\u00f3n y desarrollo. Adem\u00e1s, la atracci\u00f3n de inversiones, con lo que se coordinar\u00e1 y unir\u00e1 a los diferentes eslabones de la cadena textil y de la confecci\u00f3n.<\/p>\n<p>\u201cAhora dejamos atr\u00e1s los esfuerzos individuales para concentrarlos en un trabajo como agrupaci\u00f3n para generar mejores oportunidades a los textileros no solo de Puebla sino tambi\u00e9n de Tlaxcala\u201d, agreg\u00f3.<\/p>\n","protected":false},"excerpt":{"rendered":"<p>A trav\u00e9s de la clusterizaci\u00f3n, ahora tienen una estrategia con cuatro ejes: innovaci\u00f3n, sustentabilidad, vinculaci\u00f3n&#8230;<\/p>\n","protected":false},"author":1,"featured_media":23619,"comment_status":"open","ping_status":"closed","sticky":false,"template":"","format":"standard","meta":{"footnotes":""},"categories":[7],"tags":[],"class_list":["post-23617","post","type-post","status-publish","format-standard","has-post-thumbnail","hentry","category-nacional"],"_links":{"self":[{"href":"https:\/\/sacramentoqr.com\/index.php?rest_route=\/wp\/v2\/posts\/23617","targetHints":{"allow":["GET"]}}],"collection":[{"href":"https:\/\/sacramentoqr.com\/index.php?rest_route=\/wp\/v2\/posts"}],"about":[{"href":"https:\/\/sacramentoqr.com\/index.php?rest_route=\/wp\/v2\/types\/post"}],"author":[{"embeddable":true,"href":"https:\/\/sacramentoqr.com\/index.php?rest_route=\/wp\/v2\/users\/1"}],"replies":[{"embeddable":true,"href":"https:\/\/sacramentoqr.com\/index.php?rest_route=%2Fwp%2Fv2%2Fcomments&post=23617"}],"version-history":[{"count":1,"href":"https:\/\/sacramentoqr.com\/index.php?rest_route=\/wp\/v2\/posts\/23617\/revisions"}],"predecessor-version":[{"id":23618,"href":"https:\/\/sacramentoqr.com\/index.php?rest_route=\/wp\/v2\/posts\/23617\/revisions\/23618"}],"wp:featuredmedia":[{"embeddable":true,"href":"https:\/\/sacramentoqr.com\/index.php?rest_route=\/wp\/v2\/media\/23619"}],"wp:attachment":[{"href":"https:\/\/sacramentoqr.com\/index.php?rest_route=%2Fwp%2Fv2%2Fmedia&parent=23617"}],"wp:term":[{"taxonomy":"category","embeddable":true,"href":"https:\/\/sacramentoqr.com\/index.php?rest_route=%2Fwp%2Fv2%2Fcategories&post=23617"},{"taxonomy":"post_tag","embeddable":true,"href":"https:\/\/sacramentoqr.com\/index.php?rest_route=%2Fwp%2Fv2%2Ftags&post=23617"}],"curies":[{"name":"wp","href":"https:\/\/api.w.org\/{rel}","templated":true}]}}