{"id":23652,"date":"2024-07-09T11:12:15","date_gmt":"2024-07-09T16:12:15","guid":{"rendered":"https:\/\/sacramentoqr.com\/?p=23652"},"modified":"2024-07-09T16:12:17","modified_gmt":"2024-07-09T16:12:17","slug":"shakira-sera-la-encargada-del-show-musical-en-la-final-de-la-copa-america-2024","status":"publish","type":"post","link":"https:\/\/sacramentoqr.com\/?p=23652","title":{"rendered":"Shakira ser\u00e1 la encargada del show musical en la Final de la Copa Am\u00e9rica 2024"},"content":{"rendered":"<p>En un anuncio oficial realizado este martes por Alejandro Dom\u00ednguez, presidente de la CONMEBOL, se confirm\u00f3 que Shakira actuar\u00e1 durante el medio tiempo de la Final de la Copa Am\u00e9rica 2024.<\/p>\n<p>El evento tendr\u00e1 lugar el pr\u00f3ximo domingo 14 de julio en el Hard Rock Stadium de Miami, Florida, donde la artista colombiana tiene su domicilio.<\/p>\n<p>&nbsp;<\/p>\n<p>\u00abEs una superestrella que crey\u00f3 en grande y que representa y magnifica la grandeza latinoamericana en el mundo\u00bb, mencion\u00f3 Dom\u00ednguez en un mensaje publicado en redes sociales.<\/p>\n<p>Shakira, reconocida por su trayectoria y popularidad internacional, ha participado en diversos eventos deportivos de renombre mundial, incluyendo actuaciones memorables en el Mundial de Alemania 2006 con &#8216;Hips Don\u2019t Lie&#8217; y en el Mundial de Sud\u00e1frica 2010 con &#8216;Waka Waka&#8217;. Adem\u00e1s, en 2020 comparti\u00f3 escenario con Jennifer Lopez en el Super Bowl LIV.<\/p>\n<p>Esta ser\u00e1 la primera vez que se presente una actuaci\u00f3n musical durante el medio tiempo de la Final de la Copa Am\u00e9rica con equipo por confirmar.<\/p>\n<p>\u00abAs\u00ed como nuestro futbol, ese d\u00eda de la Final va a ser una final de fiesta y nadie mejor que Shakira para que est\u00e9 con nosotros a disfrutar de esta gran final\u00bb, agreg\u00f3 Dom\u00ednguez en su declaraci\u00f3n.<\/p>\n","protected":false},"excerpt":{"rendered":"<p>En un anuncio oficial realizado este martes por Alejandro Dom\u00ednguez, presidente de la CONMEBOL, se&#8230;<\/p>\n","protected":false},"author":1,"featured_media":23654,"comment_status":"open","ping_status":"closed","sticky":false,"template":"","format":"standard","meta":{"footnotes":""},"categories":[4],"tags":[],"class_list":["post-23652","post","type-post","status-publish","format-standard","has-post-thumbnail","hentry","category-espectaculos"],"_links":{"self":[{"href":"https:\/\/sacramentoqr.com\/index.php?rest_route=\/wp\/v2\/posts\/23652","targetHints":{"allow":["GET"]}}],"collection":[{"href":"https:\/\/sacramentoqr.com\/index.php?rest_route=\/wp\/v2\/posts"}],"about":[{"href":"https:\/\/sacramentoqr.com\/index.php?rest_route=\/wp\/v2\/types\/post"}],"author":[{"embeddable":true,"href":"https:\/\/sacramentoqr.com\/index.php?rest_route=\/wp\/v2\/users\/1"}],"replies":[{"embeddable":true,"href":"https:\/\/sacramentoqr.com\/index.php?rest_route=%2Fwp%2Fv2%2Fcomments&post=23652"}],"version-history":[{"count":1,"href":"https:\/\/sacramentoqr.com\/index.php?rest_route=\/wp\/v2\/posts\/23652\/revisions"}],"predecessor-version":[{"id":23653,"href":"https:\/\/sacramentoqr.com\/index.php?rest_route=\/wp\/v2\/posts\/23652\/revisions\/23653"}],"wp:featuredmedia":[{"embeddable":true,"href":"https:\/\/sacramentoqr.com\/index.php?rest_route=\/wp\/v2\/media\/23654"}],"wp:attachment":[{"href":"https:\/\/sacramentoqr.com\/index.php?rest_route=%2Fwp%2Fv2%2Fmedia&parent=23652"}],"wp:term":[{"taxonomy":"category","embeddable":true,"href":"https:\/\/sacramentoqr.com\/index.php?rest_route=%2Fwp%2Fv2%2Fcategories&post=23652"},{"taxonomy":"post_tag","embeddable":true,"href":"https:\/\/sacramentoqr.com\/index.php?rest_route=%2Fwp%2Fv2%2Ftags&post=23652"}],"curies":[{"name":"wp","href":"https:\/\/api.w.org\/{rel}","templated":true}]}}