{"id":23704,"date":"2024-07-11T11:45:19","date_gmt":"2024-07-11T16:45:19","guid":{"rendered":"https:\/\/sacramentoqr.com\/?p=23704"},"modified":"2024-07-11T16:45:20","modified_gmt":"2024-07-11T16:45:20","slug":"gabriel-soto-reaparece-y-da-detalles-sobre-su-hospitalizacion","status":"publish","type":"post","link":"https:\/\/sacramentoqr.com\/?p=23704","title":{"rendered":"Gabriel Soto reaparece y da detalles sobre su hospitalizaci\u00f3n"},"content":{"rendered":"<p>Luego de que Gabriel Soto fuera noticia durante todo el fin de semana tras ser hospitalizado por un cuadro de hipertensi\u00f3n arterial que le provoc\u00f3 v\u00f3mitos y mareos, y que adem\u00e1s gener\u00f3 toda clase de especulaciones, por fin el actor reapareci\u00f3 y rompi\u00f3 el silencio sobre su estado de salud,<\/p>\n<p>Fue anoche cuando el tambi\u00e9n cantante hizo uso de sus redes sociales para agradecer las muestras de cari\u00f1o que recibi\u00f3 tras ser hospitalizado de emergencia la noche del s\u00e1bado tras sufrir complicaciones minutos antes de una funci\u00f3n de \u201cEl precio de la fama\u201d.<\/p>\n<p>Soto explic\u00f3 que fue dado de alta la ma\u00f1ana del domingo y con un semblante m\u00e1s tranquilo y sumamente conmovido, dijo que experiment\u00f3 varios malestares como falta de aire, dolor en el pecho y v\u00f3mitos por lo que su doctora le recomend\u00f3 acudir al hospital.<\/p>\n<p>Fue ah\u00ed en donde se le explic\u00f3 que estaba sufriendo un cuadro de hipertensi\u00f3n arterial y ten\u00eda a presi\u00f3n entre 170\/111, cuando lo normal en una persona adulta es entre 120\/80.<\/p>\n<p>El actor agradeci\u00f3 a todos por sus mensajes de cari\u00f1o, as\u00ed como al productor de \u201cEl precio de la fama\u201d, Gerardo Quiroz, por el apoyo y la comprensi\u00f3n y ofreci\u00f3 una disculpa al p\u00fablico por su ausencia.<\/p>\n<p>\u201cYa estoy bien. Quiero ofrecer una disculpa al p\u00fablico, a la gente que pag\u00f3 un boleto para ir a vernos. Ahora s\u00ed que se sali\u00f3 de mis manos, estaba con todas las ganas de ir, pero definitivamente los m\u00e9dicos no me dejaron\u201d<\/p>\n<p>Gabriel Soto expres\u00f3 que por recomendaci\u00f3n m\u00e9dica deber\u00e1 guardar reposo, por lo que se ausentar\u00e1 de la obra de teatro en la que participa, aunque es posible que retome sus compromisos el pr\u00f3ximo fin de semana.<\/p>\n<p>Gabriel Soto finaliz\u00f3 su mensaje agradeciendo a todos y dijo sentirse sumamente bendecido por los mensajes de solidaridad que recibi\u00f3.<\/p>\n<p>El pasado s\u00e1bado fue el productor de la puesta en escena, Gerardo Quiroz quien confirm\u00f3 su grave estado de salud, aunque tambi\u00e9n fue el periodista de espect\u00e1culos Gustavo Adolfo Infante quien dio a conocer la noticia en exclusiva.<\/p>\n<p>&nbsp;<\/p>\n<p>&nbsp;<\/p>\n","protected":false},"excerpt":{"rendered":"<p>Luego de que Gabriel Soto fuera noticia durante todo el fin de semana tras ser&#8230;<\/p>\n","protected":false},"author":1,"featured_media":23706,"comment_status":"open","ping_status":"closed","sticky":false,"template":"","format":"standard","meta":{"footnotes":""},"categories":[4],"tags":[],"class_list":["post-23704","post","type-post","status-publish","format-standard","has-post-thumbnail","hentry","category-espectaculos"],"_links":{"self":[{"href":"https:\/\/sacramentoqr.com\/index.php?rest_route=\/wp\/v2\/posts\/23704","targetHints":{"allow":["GET"]}}],"collection":[{"href":"https:\/\/sacramentoqr.com\/index.php?rest_route=\/wp\/v2\/posts"}],"about":[{"href":"https:\/\/sacramentoqr.com\/index.php?rest_route=\/wp\/v2\/types\/post"}],"author":[{"embeddable":true,"href":"https:\/\/sacramentoqr.com\/index.php?rest_route=\/wp\/v2\/users\/1"}],"replies":[{"embeddable":true,"href":"https:\/\/sacramentoqr.com\/index.php?rest_route=%2Fwp%2Fv2%2Fcomments&post=23704"}],"version-history":[{"count":1,"href":"https:\/\/sacramentoqr.com\/index.php?rest_route=\/wp\/v2\/posts\/23704\/revisions"}],"predecessor-version":[{"id":23705,"href":"https:\/\/sacramentoqr.com\/index.php?rest_route=\/wp\/v2\/posts\/23704\/revisions\/23705"}],"wp:featuredmedia":[{"embeddable":true,"href":"https:\/\/sacramentoqr.com\/index.php?rest_route=\/wp\/v2\/media\/23706"}],"wp:attachment":[{"href":"https:\/\/sacramentoqr.com\/index.php?rest_route=%2Fwp%2Fv2%2Fmedia&parent=23704"}],"wp:term":[{"taxonomy":"category","embeddable":true,"href":"https:\/\/sacramentoqr.com\/index.php?rest_route=%2Fwp%2Fv2%2Fcategories&post=23704"},{"taxonomy":"post_tag","embeddable":true,"href":"https:\/\/sacramentoqr.com\/index.php?rest_route=%2Fwp%2Fv2%2Ftags&post=23704"}],"curies":[{"name":"wp","href":"https:\/\/api.w.org\/{rel}","templated":true}]}}