{"id":23713,"date":"2024-07-12T11:33:35","date_gmt":"2024-07-12T16:33:35","guid":{"rendered":"https:\/\/sacramentoqr.com\/?p=23713"},"modified":"2024-07-14T16:35:17","modified_gmt":"2024-07-14T16:35:17","slug":"presentan-nueva-edicion-de-jalisco-al-centro-expo-centros-historicos","status":"publish","type":"post","link":"https:\/\/sacramentoqr.com\/?p=23713","title":{"rendered":"Presentan nueva edici\u00f3n de Jalisco al Centro, Expo Centros Hist\u00f3ricos"},"content":{"rendered":"<h4>El evento se llevar\u00e1 acabo a partir del 17 de julio hasta el 6 de agosto, en la explanada de Plaza de la Liberaci\u00f3n.<\/h4>\n<p>Aprovechando las vacaciones de verano, y para promover y dar a conocer la riqueza cultural, gastron\u00f3mica, tur\u00edstica y comercial de los municipios de la entidad, el gobierno municipal de Guadalajara llevar\u00e1 a cabo el evento Jalisco al Centro: Expo Centros Hist\u00f3ricos de Jalisco a partir del 17 de julio hasta el 6 de agosto, en la explanada de Plaza de la Liberaci\u00f3n.<\/p>\n<p>As\u00ed lo confirm\u00f3 la directora de Desarrollo Econ\u00f3mico, Urbano y Proyectos Estrat\u00e9gicos de la Superintendencia del Centro Hist\u00f3rico, Lorena Vel\u00e1zquez Guerrero, explic\u00f3 que esta muestra contar\u00e1 con la participaci\u00f3n de alrededor de 120 stands que ofrecer\u00e1n una serie de productos en un horario de 10:00 a 20:00 horas.<\/p>\n<p>\u201cEs una exposici\u00f3n donde viene una representaci\u00f3n de cada uno de los 125 municipios del estado de Jalisco. Es un tema muy interesante porque viene toda la oferta cultural, del patrimonio material e inmaterial de los municipios, y lo van a poder encontrar aqu\u00ed en Plaza Liberaci\u00f3n\u201d.<\/p>\n<p>Ser\u00e1n ofertados productos fabricados o tradicionales, gastronom\u00eda y atractivos tur\u00edsticos de cada regi\u00f3n jalisciense.<\/p>\n<p>La exposici\u00f3n busca el desarrollo regional y fortalecer a las peque\u00f1as y medianas empresas, as\u00ed como a las y los artesanos del estado.<\/p>\n<p>Por otro lado, el gobierno tapat\u00edo tambi\u00e9n anunci\u00f3 la realizaci\u00f3n del Tercer Encuentro Internacional de Centros Hist\u00f3ricos, que se efectuar\u00e1 el 1 y 2 de agosto en el Museo Caba\u00f1as.<\/p>\n<p>La funcionaria explic\u00f3 que se contar\u00e1 con la participaci\u00f3n de invitados como Islas de Gran Canaria, Paraguay, Canad\u00e1, as\u00ed como representantes de 12 estados de la Rep\u00fablica Mexicana.<\/p>\n<p>\u201cEste encuentro est\u00e1 enfocado en temas patrimoniales de los Centros Hist\u00f3ricos del mundo. Tendremos mucha representaci\u00f3n del interior de M\u00e9xico, en este encuentro va a haber conferencias y, por las tardes, tenemos actividades para los invitados de fuera y para los asistentes al Congreso\u201d, abund\u00f3 Vel\u00e1zquez Guerrero.<\/p>\n<p>El objetivo de esta edici\u00f3n es lograr un intercambio entre las ciudades que han decidido actuar a favor de la conservaci\u00f3n y rescate del patrimonio social y edificado, que representan sus centros fundacionales, con una visi\u00f3n creativa e innovadora.<\/p>\n<p>En este encuentro se ver\u00e1 la tem\u00e1tica sobre \u201cLa Traza Urbana como Patrimonio; modificaciones de la arquitectura del S. XX y las Plazas Mayores\u201d, que ser\u00e1n abordadas por especialistas del tema.<\/p>\n<p>El 1 de agosto se har\u00e1 la develaci\u00f3n del busto de Fray Antonio Tello, Patrono de la Asociaci\u00f3n de Cronistas Municipales del Estado de Jalisco A.C., en el patio del Exconvento de San Francisco, contando con la asistencia de dicha asociaci\u00f3n y los frailes del convento.<\/p>\n","protected":false},"excerpt":{"rendered":"<p>El evento se llevar\u00e1 acabo a partir del 17 de julio hasta el 6 de&#8230;<\/p>\n","protected":false},"author":1,"featured_media":23715,"comment_status":"open","ping_status":"closed","sticky":false,"template":"","format":"standard","meta":{"footnotes":""},"categories":[19],"tags":[],"class_list":["post-23713","post","type-post","status-publish","format-standard","has-post-thumbnail","hentry","category-jalisco"],"_links":{"self":[{"href":"https:\/\/sacramentoqr.com\/index.php?rest_route=\/wp\/v2\/posts\/23713","targetHints":{"allow":["GET"]}}],"collection":[{"href":"https:\/\/sacramentoqr.com\/index.php?rest_route=\/wp\/v2\/posts"}],"about":[{"href":"https:\/\/sacramentoqr.com\/index.php?rest_route=\/wp\/v2\/types\/post"}],"author":[{"embeddable":true,"href":"https:\/\/sacramentoqr.com\/index.php?rest_route=\/wp\/v2\/users\/1"}],"replies":[{"embeddable":true,"href":"https:\/\/sacramentoqr.com\/index.php?rest_route=%2Fwp%2Fv2%2Fcomments&post=23713"}],"version-history":[{"count":1,"href":"https:\/\/sacramentoqr.com\/index.php?rest_route=\/wp\/v2\/posts\/23713\/revisions"}],"predecessor-version":[{"id":23714,"href":"https:\/\/sacramentoqr.com\/index.php?rest_route=\/wp\/v2\/posts\/23713\/revisions\/23714"}],"wp:featuredmedia":[{"embeddable":true,"href":"https:\/\/sacramentoqr.com\/index.php?rest_route=\/wp\/v2\/media\/23715"}],"wp:attachment":[{"href":"https:\/\/sacramentoqr.com\/index.php?rest_route=%2Fwp%2Fv2%2Fmedia&parent=23713"}],"wp:term":[{"taxonomy":"category","embeddable":true,"href":"https:\/\/sacramentoqr.com\/index.php?rest_route=%2Fwp%2Fv2%2Fcategories&post=23713"},{"taxonomy":"post_tag","embeddable":true,"href":"https:\/\/sacramentoqr.com\/index.php?rest_route=%2Fwp%2Fv2%2Ftags&post=23713"}],"curies":[{"name":"wp","href":"https:\/\/api.w.org\/{rel}","templated":true}]}}