{"id":23728,"date":"2024-07-13T12:00:48","date_gmt":"2024-07-13T17:00:48","guid":{"rendered":"https:\/\/sacramentoqr.com\/?p=23728"},"modified":"2024-07-14T17:52:22","modified_gmt":"2024-07-14T17:52:22","slug":"televisa-apuesta-por-famoso-cantante-estadounidense-para-la-casa-de-los-famosos-mexico","status":"publish","type":"post","link":"https:\/\/sacramentoqr.com\/?p=23728","title":{"rendered":"Televisa apuesta por famoso cantante estadounidense para La Casa de los Famosos M\u00e9xico"},"content":{"rendered":"<h4>La segunda temporada de La Casa de los Famosos M\u00e9xico est\u00e1 a solo unos d\u00edas de su estreno.<\/h4>\n<p>Televisa est\u00e1 a unos d\u00edas de estrenar la segunda temporada de su reality show \u201cLa Casa de los Famosos M\u00e9xico\u201d, con la promesa de que ser\u00e1 igual de exitoso que la primera edici\u00f3n, de donde sali\u00f3 ganadora la simp\u00e1tica influencer trans: Wendy Guevara.<\/p>\n<p>Precisamente ser\u00e1 Wendy Guevara quien este 15 de julio anunciar\u00e1 al d\u00e9cimo habitante de \u201cLa Casa de los Famosos M\u00e9xico\u201d y, seg\u00fan la integrante de Las Perdidas, el siguiente famoso es un hombre, y se trata de una de las grandes apuestas de Televisa.<\/p>\n<p>Hasta el momento han sido confirmados nueve habitantes para la segunda temporada del reality show: Mario Bezares, Briggitte Bozzo, Shanik Berman, Arath de la Torre, Agust\u00edn Fern\u00e1ndez, Sabine Moussier, Luis &#8216;Potro&#8217; Caballero, Ricardo Peralta y Karime Pindter.<\/p>\n<p>En las redes sociales surgi\u00f3 el rumor de que el d\u00e9cimo participante que ser\u00e1 anunciado por Wendy Guevara se trata del famoso cantante estadounidense Drake Bell, quien el a\u00f1o pasado ya compiti\u00f3 en otro importante reality show de Televisa, \u201c\u00bfQui\u00e9n es la M\u00e1scara?\u201d, por lo que no es descabellado que ahora vaya a ser uno de los habitantes de \u201cLa Casa de los Famosos M\u00e9xico\u201d.<\/p>\n<p>Drake Bell, tambi\u00e9n famoso por haber protagonizado hace varios a\u00f1os la serie \u201cDrake and Josh\u201d, junto a Josh Peck, ha manifestado su amor por M\u00e9xico en varias ocasiones. Incluso ha aprendido a hablar espa\u00f1ol y se ha presentado en diferentes ciudades, como en la Feria de las Fresas en Irapuato.<\/p>\n<p>La segunda temporada de \u201cLa Casa de los Famosos M\u00e9xico\u201d tendr\u00e1 su estreno el pr\u00f3ximo domingo 21 de julio por el canal Las Estrellas a partir de las 8:30 de la noche, con la conducci\u00f3n estelar de Galilea Montijo.<\/p>\n<p>Posteriormente el programa se transmitir\u00e1 de lunes a viernes a trav\u00e9s de Canal 5, con Odalys Ram\u00edrez y Diego de Erice a las 10 de la noche. Tambi\u00e9n habr\u00e1 emisiones especiales a trav\u00e9s de la plataforma streaming de Vix, con Cecilia Galliano y Mauricio Garza como los presentadores.<\/p>\n","protected":false},"excerpt":{"rendered":"<p>La segunda temporada de La Casa de los Famosos M\u00e9xico est\u00e1 a solo unos d\u00edas&#8230;<\/p>\n","protected":false},"author":1,"featured_media":23730,"comment_status":"open","ping_status":"closed","sticky":false,"template":"","format":"standard","meta":{"footnotes":""},"categories":[4],"tags":[],"class_list":["post-23728","post","type-post","status-publish","format-standard","has-post-thumbnail","hentry","category-espectaculos"],"_links":{"self":[{"href":"https:\/\/sacramentoqr.com\/index.php?rest_route=\/wp\/v2\/posts\/23728","targetHints":{"allow":["GET"]}}],"collection":[{"href":"https:\/\/sacramentoqr.com\/index.php?rest_route=\/wp\/v2\/posts"}],"about":[{"href":"https:\/\/sacramentoqr.com\/index.php?rest_route=\/wp\/v2\/types\/post"}],"author":[{"embeddable":true,"href":"https:\/\/sacramentoqr.com\/index.php?rest_route=\/wp\/v2\/users\/1"}],"replies":[{"embeddable":true,"href":"https:\/\/sacramentoqr.com\/index.php?rest_route=%2Fwp%2Fv2%2Fcomments&post=23728"}],"version-history":[{"count":1,"href":"https:\/\/sacramentoqr.com\/index.php?rest_route=\/wp\/v2\/posts\/23728\/revisions"}],"predecessor-version":[{"id":23729,"href":"https:\/\/sacramentoqr.com\/index.php?rest_route=\/wp\/v2\/posts\/23728\/revisions\/23729"}],"wp:featuredmedia":[{"embeddable":true,"href":"https:\/\/sacramentoqr.com\/index.php?rest_route=\/wp\/v2\/media\/23730"}],"wp:attachment":[{"href":"https:\/\/sacramentoqr.com\/index.php?rest_route=%2Fwp%2Fv2%2Fmedia&parent=23728"}],"wp:term":[{"taxonomy":"category","embeddable":true,"href":"https:\/\/sacramentoqr.com\/index.php?rest_route=%2Fwp%2Fv2%2Fcategories&post=23728"},{"taxonomy":"post_tag","embeddable":true,"href":"https:\/\/sacramentoqr.com\/index.php?rest_route=%2Fwp%2Fv2%2Ftags&post=23728"}],"curies":[{"name":"wp","href":"https:\/\/api.w.org\/{rel}","templated":true}]}}