{"id":23817,"date":"2024-07-17T10:30:03","date_gmt":"2024-07-17T15:30:03","guid":{"rendered":"https:\/\/sacramentoqr.com\/?p=23817"},"modified":"2024-07-17T15:30:04","modified_gmt":"2024-07-17T15:30:04","slug":"onu-pide-a-los-gobiernos-que-vuelvan-a-dar-prioridad-a-la-accion-climatica","status":"publish","type":"post","link":"https:\/\/sacramentoqr.com\/?p=23817","title":{"rendered":"ONU pide a los Gobiernos que \u201cvuelvan a dar prioridad\u201d a la acci\u00f3n clim\u00e1tica"},"content":{"rendered":"<p>El Secretario Ejecutivo de ONU Cambio Clim\u00e1tico, Simon Stiell, ha lanzado un llamado a \u201clos Gobiernos de todo el mundo\u201d para que \u201cvuelvan a dar prioridad a la acci\u00f3n por el clima en sus agendas\u201d con el fin de enfrentar los efectos de la crisis.<\/p>\n<p>Si \u201cno dan un paso al frente, todas las econom\u00edas y 8 mil millones de personas se enfrentar\u00e1n a este mismo trauma de manera continua\u201d, advirti\u00f3 desde las ruinas dejadas por el reciente paso del hurac\u00e1n \u201cBeryl\u201d en Carriacou, la isla caribe\u00f1a dependiente del Estado de Granada donde vivi\u00f3 a\u00f1os atr\u00e1s.<\/p>\n<p>El 98 por ciento de los edificios de la zona fueron arrasados o gravemente da\u00f1ados por \u201cBeryl\u201d, incluyendo \u201cla casa de mi abuela, que ha quedado totalmente destruida\u201d en un tipo de fen\u00f3meno extremo que \u201cse ha vuelto demasiado familiar para cientos de millones de personas en todo el mundo\u201d, lament\u00f3 Stiell, quien ha pedido que esta situaci\u00f3n \u201cno se convierta en la nueva normalidad de la humanidad\u201d.<\/p>\n<p>Los destrozos causados por este hurac\u00e1n, ha a\u00f1adido, son un ejemplo del \u201ccreciente coste de la cat\u00e1strofe clim\u00e1tica descontrolada\u201d, al igual que las olas de calor en la India que \u201cs\u00f3lo en el \u00faltimo mes causaron un n\u00famero de muertos de cuatro cifras\u201d o que los m\u00e1s de mil peregrinos musulmanes muertos este a\u00f1o en su camino a La Meca o que \u201cun tercio de Pakist\u00e1n que hace dos a\u00f1os estaba bajo el agua\u201d.<\/p>\n<p>Seg\u00fan Steill, las tormentas \u201cnunca han sido tan potentes ni tan frecuentes; las inundaciones, tan repentinas y destructivas; los incendios y sequ\u00edas, tan devastadores y costosos\u201d a corto y a largo plazo, por lo que los \u201ccolosales costes clim\u00e1ticos\u201d han alcanzado el nivel de \u201cgrave amenaza para la seguridad nacional de todos los pa\u00edses\u201d.<\/p>\n<p>El secretario Ejecutivo de la ONU ha hecho referencia a un informe reciente seg\u00fan el cual s\u00f3lo la factura econ\u00f3mica de la inacci\u00f3n clim\u00e1tica aumentar\u00eda hasta los 38 billones de d\u00f3lares anuales de aqu\u00ed a 2050, mientras que la acci\u00f3n clim\u00e1tica costar\u00eda menos de una sexta parte de esa cifra.<\/p>\n<p>Tras insistir en que \u201clos pa\u00edses del G20 son responsables del 80 por ciento de la contaminaci\u00f3n por gases de efecto invernadero\u201d y por tanto \u201cdeben marcar el camino con nuevos planes nacionales de acci\u00f3n clim\u00e1tica\u201d, previstos para principios del a\u00f1o pr\u00f3ximo, ha pedido a todos los gobiernos del planeta que \u201ccumplan la promesa que hicieron el a\u00f1o pasado de abandonar todos los combustibles f\u00f3siles\u201d.<\/p>\n<p>El primer objetivo, ha precisado, es disminuir su uso a la mitad este mismo decenio para evitar que los costes clim\u00e1ticos act\u00faen como \u201cuna bola de demolici\u00f3n econ\u00f3mica\u201d con problemas como \u201cla reducci\u00f3n de la producci\u00f3n mundial de alimentos\u201d o la \u201csubida de precios y otros costes de la vida\u201d.<\/p>\n<p>La acci\u00f3n por el clima, resume Stiell, \u201ces una inversi\u00f3n, no un gasto\u201d para incrementar \u201cla resiliencia y proteger las comunidades, las econom\u00edas, las cadenas de suministro y la rentabilidad de las empresas\u201d.<\/p>\n<p>En ese sentido, \u201cla ONU trabaja a contrarreloj\u201d con una \u201cdeterminaci\u00f3n inquebrantable\u201d y el objetivo de \u201cacordar acciones m\u00e1s audaces y medidas pr\u00e1cticas clave sobre el terreno, como la extensi\u00f3n de los Sistemas de Alerta Temprana a toda la poblaci\u00f3n del planeta\u201d, ha a\u00f1adido.<\/p>\n","protected":false},"excerpt":{"rendered":"<p>El Secretario Ejecutivo de ONU Cambio Clim\u00e1tico, Simon Stiell, ha lanzado un llamado a \u201clos&#8230;<\/p>\n","protected":false},"author":1,"featured_media":23819,"comment_status":"open","ping_status":"closed","sticky":false,"template":"","format":"standard","meta":{"footnotes":""},"categories":[5],"tags":[],"class_list":["post-23817","post","type-post","status-publish","format-standard","has-post-thumbnail","hentry","category-internacional"],"_links":{"self":[{"href":"https:\/\/sacramentoqr.com\/index.php?rest_route=\/wp\/v2\/posts\/23817","targetHints":{"allow":["GET"]}}],"collection":[{"href":"https:\/\/sacramentoqr.com\/index.php?rest_route=\/wp\/v2\/posts"}],"about":[{"href":"https:\/\/sacramentoqr.com\/index.php?rest_route=\/wp\/v2\/types\/post"}],"author":[{"embeddable":true,"href":"https:\/\/sacramentoqr.com\/index.php?rest_route=\/wp\/v2\/users\/1"}],"replies":[{"embeddable":true,"href":"https:\/\/sacramentoqr.com\/index.php?rest_route=%2Fwp%2Fv2%2Fcomments&post=23817"}],"version-history":[{"count":1,"href":"https:\/\/sacramentoqr.com\/index.php?rest_route=\/wp\/v2\/posts\/23817\/revisions"}],"predecessor-version":[{"id":23818,"href":"https:\/\/sacramentoqr.com\/index.php?rest_route=\/wp\/v2\/posts\/23817\/revisions\/23818"}],"wp:featuredmedia":[{"embeddable":true,"href":"https:\/\/sacramentoqr.com\/index.php?rest_route=\/wp\/v2\/media\/23819"}],"wp:attachment":[{"href":"https:\/\/sacramentoqr.com\/index.php?rest_route=%2Fwp%2Fv2%2Fmedia&parent=23817"}],"wp:term":[{"taxonomy":"category","embeddable":true,"href":"https:\/\/sacramentoqr.com\/index.php?rest_route=%2Fwp%2Fv2%2Fcategories&post=23817"},{"taxonomy":"post_tag","embeddable":true,"href":"https:\/\/sacramentoqr.com\/index.php?rest_route=%2Fwp%2Fv2%2Ftags&post=23817"}],"curies":[{"name":"wp","href":"https:\/\/api.w.org\/{rel}","templated":true}]}}