{"id":23881,"date":"2024-07-20T22:24:14","date_gmt":"2024-07-21T03:24:14","guid":{"rendered":"https:\/\/sacramentoqr.com\/?p=23881"},"modified":"2024-07-21T03:24:15","modified_gmt":"2024-07-21T03:24:15","slug":"chayanne-anuncia-su-regreso-a-mexico","status":"publish","type":"post","link":"https:\/\/sacramentoqr.com\/?p=23881","title":{"rendered":"Chayanne anuncia su regreso a M\u00e9xico"},"content":{"rendered":"<h4>El famoso cantante hab\u00eda anticipado una sorpresa a trav\u00e9s de su Instagram, pidiendo a sus seguidores que se mantuvieran atentos.<\/h4>\n<p>Chayanne no se olvid\u00f3 de sus fan\u00e1ticos e \u201chijos\u201d mexicanos y sorprendi\u00f3 este viernes al anunciar que nuestro pa\u00eds ser\u00e1 parte de su gira \u201cBailemos Otra Vez\u201d, que originalmente solo estaba prevista para Estados Unidos.<\/p>\n<p>El famoso hab\u00eda anticipado una sorpresa a trav\u00e9s de su Instagram, pidiendo a sus seguidores que se mantuvieran atentos y finalmente, revel\u00f3 la noticia que todos esperaban.<\/p>\n<p>El regreso del int\u00e9rprete de \u201cBailando Bachata\u201d a los escenarios llega 4 a\u00f1os despu\u00e9s de su \u201cDesde el Alma Tour\u201d. Hasta el momento, no se han anunciado visitas a otros pa\u00edses.<\/p>\n<p>En su comunicado en redes sociales, Chayanne detall\u00f3 que su empresa, Chaf Enterprises, dio a conocer que llegar\u00e1 a M\u00e9xico y que la gira ser\u00e1 presentada por OCESA. \u201cPor el momento se trabaja en los detalles de su calendario y pr\u00f3ximamente estaremos informando las fechas y ciudades a visitar. Gracias por ser parte de esta aventura y est\u00e9n pendientes de las noticias en nuestras redes sociales\u201d, concluy\u00f3 el mensaje.<\/p>\n<p>\u201cBailemos Otra Vez\u201d iniciar\u00e1 el 21 de agosto en San Jos\u00e9, California, y finalizar\u00e1 el 14 de diciembre en Miami, con la inclusi\u00f3n de M\u00e9xico esperada para 2025.<\/p>\n<p>El anuncio inicial del tour de Chayanne hab\u00eda generado gran decepci\u00f3n entre los fan\u00e1ticos latinoamericanos, quienes esperaban ver fechas en su regi\u00f3n.<\/p>\n","protected":false},"excerpt":{"rendered":"<p>El famoso cantante hab\u00eda anticipado una sorpresa a trav\u00e9s de su Instagram, pidiendo a sus&#8230;<\/p>\n","protected":false},"author":1,"featured_media":23883,"comment_status":"open","ping_status":"closed","sticky":false,"template":"","format":"standard","meta":{"footnotes":""},"categories":[4],"tags":[],"class_list":["post-23881","post","type-post","status-publish","format-standard","has-post-thumbnail","hentry","category-espectaculos"],"_links":{"self":[{"href":"https:\/\/sacramentoqr.com\/index.php?rest_route=\/wp\/v2\/posts\/23881","targetHints":{"allow":["GET"]}}],"collection":[{"href":"https:\/\/sacramentoqr.com\/index.php?rest_route=\/wp\/v2\/posts"}],"about":[{"href":"https:\/\/sacramentoqr.com\/index.php?rest_route=\/wp\/v2\/types\/post"}],"author":[{"embeddable":true,"href":"https:\/\/sacramentoqr.com\/index.php?rest_route=\/wp\/v2\/users\/1"}],"replies":[{"embeddable":true,"href":"https:\/\/sacramentoqr.com\/index.php?rest_route=%2Fwp%2Fv2%2Fcomments&post=23881"}],"version-history":[{"count":1,"href":"https:\/\/sacramentoqr.com\/index.php?rest_route=\/wp\/v2\/posts\/23881\/revisions"}],"predecessor-version":[{"id":23882,"href":"https:\/\/sacramentoqr.com\/index.php?rest_route=\/wp\/v2\/posts\/23881\/revisions\/23882"}],"wp:featuredmedia":[{"embeddable":true,"href":"https:\/\/sacramentoqr.com\/index.php?rest_route=\/wp\/v2\/media\/23883"}],"wp:attachment":[{"href":"https:\/\/sacramentoqr.com\/index.php?rest_route=%2Fwp%2Fv2%2Fmedia&parent=23881"}],"wp:term":[{"taxonomy":"category","embeddable":true,"href":"https:\/\/sacramentoqr.com\/index.php?rest_route=%2Fwp%2Fv2%2Fcategories&post=23881"},{"taxonomy":"post_tag","embeddable":true,"href":"https:\/\/sacramentoqr.com\/index.php?rest_route=%2Fwp%2Fv2%2Ftags&post=23881"}],"curies":[{"name":"wp","href":"https:\/\/api.w.org\/{rel}","templated":true}]}}