{"id":23887,"date":"2024-07-20T22:37:38","date_gmt":"2024-07-21T03:37:38","guid":{"rendered":"https:\/\/sacramentoqr.com\/?p=23887"},"modified":"2024-07-21T03:37:39","modified_gmt":"2024-07-21T03:37:39","slug":"christian-nodal-reaparece-con-su-bebe-y-acepta-que-tiene-los-ojos-tristes","status":"publish","type":"post","link":"https:\/\/sacramentoqr.com\/?p=23887","title":{"rendered":"Christian Nodal reaparece con su &#8216;beb\u00e9&#8217; y acepta que tiene los \u00abojos tristes\u00bb"},"content":{"rendered":"<h4>Despu\u00e9s del rumor que apunta a que Cazzu se negar\u00eda a que su hija Inti lleve la nacionalidad mexicana, salen a la luz im\u00e1genes del cantante mexicano con su \u2018beb\u00e9\u2019.<\/h4>\n<p>Aunque con semanas de distancia desde que termin\u00f3 con Cazzu y anunci\u00f3 su romance con \u00c1ngela Aguilar, la vida personal de Christian Nodal contin\u00faa en el ojo del hurac\u00e1n.<\/p>\n<p>El int\u00e9rprete de \u2018Botella tras botella\u2019 ha sido blanco de cr\u00edticas por el supuesto abandono a su hija Inti, de apenas 10 meses de vida.<\/p>\n<p>La ausencia de fotos p\u00fablicas junto a ella, como antes, y las casi nulas menciones que ha hecho de la menor desde el anuncio de separaci\u00f3n con la trapera argentina, han sido utilizados en redes sociales para acusar al cantante.<\/p>\n<p>El mismo Christian Nodal se ha encargado de responder a los juicios a trav\u00e9s de las redes sociales de su \u2018nuevo beb\u00e9\u2019, \u2018Chich\u00ed\u2019, la mascota que comparte con su novia \u00c1ngela Aguilar y que ahora lo acompa\u00f1a a todos lados.<\/p>\n<p>Fue en la cuenta oficial de Instagram, exclusiva de \u2018Chich\u00ed\u2019, que se dio respuesta a quienes critican a Nodal por supuestamente poner m\u00e1s atenci\u00f3n en su nueva mascota que a su hija, Inti.<\/p>\n<p>\u201cOjal\u00e1 publicaras tanto de tu hija como de un perro. Y no es nada en contra de la perrita. Solo no es justo\u201d, coment\u00f3 una de las usuarias.<\/p>\n<p>El reclamo de inmediato fue atendido por el \u2018pap\u00e1\u2019 de \u2018Chich\u00ed\u2019: \u201cHola coraz\u00f3n, para proyectarse y opinar sin conocer sobre vidas ajenas est\u00e1 el perfil de mi papi\u201d.<\/p>\n<p>Despu\u00e9s de que en Chisme No Like se dio a conocer el rumor que apunta a que Cazzu se negar\u00eda a que su hija Inti comparta la nacionalidad mexicana de su pap\u00e1, Christian Nodal, el cantante reaparece con su \u2018beb\u00e9\u2019.<br \/>\nA trav\u00e9s de TikTok se viraliz\u00f3 una grabaci\u00f3n en la que se puede ver a \u2018Chich\u00ed\u2019 descansando en su camita mientras Nodal se deshace en halagos por \u00e9l.<\/p>\n<p>\u00ab\u00bfEst\u00e1s cansado de ser tan guapo, &#8216;Chich\u00ed&#8217;? \u00bfEst\u00e1s cansado de ser tan precioso, tan chulo? V\u00e1monos, v\u00e1monos\u00bb, se escucha la voz del int\u00e9rprete de 25 a\u00f1os.<\/p>\n<p>Entre los piropos, Nodal nota la mirada de su \u2018beb\u00e9\u2019 y entona una canci\u00f3n sobre la tristeza.<\/p>\n<p>\u00abQu\u00e9 bonita carita&#8230; y esos ojitos&#8230; Muchachito de ojos tristes\u201d, expresa el cantante.<\/p>\n<p>En una pasada entrevista, Nodal habl\u00f3 sobre lo que significa \u2018Chich\u00ed\u2019 en su vida pues se ha vuelto el compa\u00f1ero fiel que no juzga y solo da amor.<\/p>\n<p>\u201cNo sabes, es incre\u00edble. Ayer fue el primer d\u00eda que dorm\u00ed con \u00e9l y nunca me ha pasado que una mascota se acurrucaba conmigo. Ten\u00eda un mont\u00f3n sin tener mascota, yo creo que necesito esa compa\u00f1\u00eda, ese compa\u00f1ero que no te juzga, ni sabe qui\u00e9n eres, nada m\u00e1s te ama\u201d, dijo en entrevista.<\/p>\n","protected":false},"excerpt":{"rendered":"<p>Despu\u00e9s del rumor que apunta a que Cazzu se negar\u00eda a que su hija Inti&#8230;<\/p>\n","protected":false},"author":1,"featured_media":23889,"comment_status":"open","ping_status":"closed","sticky":false,"template":"","format":"standard","meta":{"footnotes":""},"categories":[4],"tags":[],"class_list":["post-23887","post","type-post","status-publish","format-standard","has-post-thumbnail","hentry","category-espectaculos"],"_links":{"self":[{"href":"https:\/\/sacramentoqr.com\/index.php?rest_route=\/wp\/v2\/posts\/23887","targetHints":{"allow":["GET"]}}],"collection":[{"href":"https:\/\/sacramentoqr.com\/index.php?rest_route=\/wp\/v2\/posts"}],"about":[{"href":"https:\/\/sacramentoqr.com\/index.php?rest_route=\/wp\/v2\/types\/post"}],"author":[{"embeddable":true,"href":"https:\/\/sacramentoqr.com\/index.php?rest_route=\/wp\/v2\/users\/1"}],"replies":[{"embeddable":true,"href":"https:\/\/sacramentoqr.com\/index.php?rest_route=%2Fwp%2Fv2%2Fcomments&post=23887"}],"version-history":[{"count":1,"href":"https:\/\/sacramentoqr.com\/index.php?rest_route=\/wp\/v2\/posts\/23887\/revisions"}],"predecessor-version":[{"id":23888,"href":"https:\/\/sacramentoqr.com\/index.php?rest_route=\/wp\/v2\/posts\/23887\/revisions\/23888"}],"wp:featuredmedia":[{"embeddable":true,"href":"https:\/\/sacramentoqr.com\/index.php?rest_route=\/wp\/v2\/media\/23889"}],"wp:attachment":[{"href":"https:\/\/sacramentoqr.com\/index.php?rest_route=%2Fwp%2Fv2%2Fmedia&parent=23887"}],"wp:term":[{"taxonomy":"category","embeddable":true,"href":"https:\/\/sacramentoqr.com\/index.php?rest_route=%2Fwp%2Fv2%2Fcategories&post=23887"},{"taxonomy":"post_tag","embeddable":true,"href":"https:\/\/sacramentoqr.com\/index.php?rest_route=%2Fwp%2Fv2%2Ftags&post=23887"}],"curies":[{"name":"wp","href":"https:\/\/api.w.org\/{rel}","templated":true}]}}