{"id":23915,"date":"2024-07-22T10:54:01","date_gmt":"2024-07-22T15:54:01","guid":{"rendered":"https:\/\/sacramentoqr.com\/?p=23915"},"modified":"2024-07-22T15:54:02","modified_gmt":"2024-07-22T15:54:02","slug":"pepe-cinto-celebra-la-virgen-del-carmen-en-huejotzingo-junto-a-amigos-y-comunidad","status":"publish","type":"post","link":"https:\/\/sacramentoqr.com\/?p=23915","title":{"rendered":"Pepe Cinto Celebra la Virgen del Carmen en Huejotzingo junto a Amigos y Comunidad"},"content":{"rendered":"<h4>Cinto particip\u00f3 en la tradicional salva y entreg\u00f3 palabras de oraci\u00f3n y bendici\u00f3n para todos los habitantes<\/h4>\n<p>El alcalde reelecto de Juan C. Bonilla, Pepe Cinto, se sum\u00f3 a las festividades en honor a la Virgen del Carmen en Huejotzingo, fortaleciendo la hermandad entre municipios y destacando la importancia de las tradiciones culturales.<\/p>\n<p>En un gesto de cercan\u00eda con la comunidad, Cinto particip\u00f3 en la tradicional salva y entreg\u00f3 palabras de oraci\u00f3n y bendici\u00f3n para todos los habitantes del Distrito 8, enfatizando la importancia de mantener vivas las costumbres que fortalecen la identidad local.<\/p>\n<p>\u00abVisitamos nuestro municipio hermano, Huejotzingo, para celebrar en tradici\u00f3n y cultura a la Virgen del Carmen en su d\u00eda. Entre amigos, participamos en la tradicional salva y entregamos en oraci\u00f3n a todo el Distrito 8, para que todas y todos seamos bendecidos. \u00a1Excelente d\u00eda y que vivan las tradiciones!\u00bb, expres\u00f3 Pepe Cinto durante su participaci\u00f3n en los festejos.<\/p>\n<p>La presencia del alcalde reelecto en este evento resalta su compromiso con el mantenimiento de las tradiciones y el fortalecimiento de los lazos intermunicipales, promoviendo la unidad y el respeto por la diversidad cultural de la regi\u00f3n.<\/p>\n<p>Las festividades en honor a la Virgen del Carmen representan no solo un momento de celebraci\u00f3n religiosa, sino tambi\u00e9n una oportunidad para renovar el compromiso con las ra\u00edces hist\u00f3ricas y culturales que enriquecen el tejido social de la comunidad.<\/p>\n<p>Pepe Cinto, conocido por su dedicaci\u00f3n al servicio p\u00fablico y su compromiso con el desarrollo integral de Juan C. Bonilla, contin\u00faa siendo un l\u00edder que promueve la cohesi\u00f3n comunitaria a trav\u00e9s del reconocimiento y la valoraci\u00f3n de las tradiciones locales.<\/p>\n","protected":false},"excerpt":{"rendered":"<p>Cinto particip\u00f3 en la tradicional salva y entreg\u00f3 palabras de oraci\u00f3n y bendici\u00f3n para todos&#8230;<\/p>\n","protected":false},"author":1,"featured_media":23917,"comment_status":"open","ping_status":"closed","sticky":false,"template":"","format":"standard","meta":{"footnotes":""},"categories":[20],"tags":[],"class_list":["post-23915","post","type-post","status-publish","format-standard","has-post-thumbnail","hentry","category-puebla"],"_links":{"self":[{"href":"https:\/\/sacramentoqr.com\/index.php?rest_route=\/wp\/v2\/posts\/23915","targetHints":{"allow":["GET"]}}],"collection":[{"href":"https:\/\/sacramentoqr.com\/index.php?rest_route=\/wp\/v2\/posts"}],"about":[{"href":"https:\/\/sacramentoqr.com\/index.php?rest_route=\/wp\/v2\/types\/post"}],"author":[{"embeddable":true,"href":"https:\/\/sacramentoqr.com\/index.php?rest_route=\/wp\/v2\/users\/1"}],"replies":[{"embeddable":true,"href":"https:\/\/sacramentoqr.com\/index.php?rest_route=%2Fwp%2Fv2%2Fcomments&post=23915"}],"version-history":[{"count":1,"href":"https:\/\/sacramentoqr.com\/index.php?rest_route=\/wp\/v2\/posts\/23915\/revisions"}],"predecessor-version":[{"id":23916,"href":"https:\/\/sacramentoqr.com\/index.php?rest_route=\/wp\/v2\/posts\/23915\/revisions\/23916"}],"wp:featuredmedia":[{"embeddable":true,"href":"https:\/\/sacramentoqr.com\/index.php?rest_route=\/wp\/v2\/media\/23917"}],"wp:attachment":[{"href":"https:\/\/sacramentoqr.com\/index.php?rest_route=%2Fwp%2Fv2%2Fmedia&parent=23915"}],"wp:term":[{"taxonomy":"category","embeddable":true,"href":"https:\/\/sacramentoqr.com\/index.php?rest_route=%2Fwp%2Fv2%2Fcategories&post=23915"},{"taxonomy":"post_tag","embeddable":true,"href":"https:\/\/sacramentoqr.com\/index.php?rest_route=%2Fwp%2Fv2%2Ftags&post=23915"}],"curies":[{"name":"wp","href":"https:\/\/api.w.org\/{rel}","templated":true}]}}