{"id":23921,"date":"2024-07-22T11:32:42","date_gmt":"2024-07-22T16:32:42","guid":{"rendered":"https:\/\/sacramentoqr.com\/?p=23921"},"modified":"2024-07-22T16:32:43","modified_gmt":"2024-07-22T16:32:43","slug":"karol-sevilla-solo-quiere-gozar-la-vida","status":"publish","type":"post","link":"https:\/\/sacramentoqr.com\/?p=23921","title":{"rendered":"Karol Sevilla s\u00f3lo quiere gozar la vida"},"content":{"rendered":"<p>Para quienes recordaban a la cantante y actriz Karol Sevilla como la tierna protagonista de la serie Soy Luna, tal personaje ha quedado atr\u00e1s. A sus 24 a\u00f1os, su voz y sus letras musicales se renuevan y su m\u00e1s reciente sencillo, Cenicienta, es muestra de ello.<\/p>\n<p>Y es que el tema de su autor\u00eda habla de la feminidad y de una mujer fuerte, independiente, valiente, libre, que toma sus propias decisiones y que se da el lujo de divertirse: \u201cSoy experta en levantarme al caerme \/ La pregunta no es \u00bfqui\u00e9n va a protegerme? \/ Sino \u00a1\u00bfqui\u00e9n va a detenerme?!\u201d.<\/p>\n<p>Acerca de esta apuesta, en la que deja claro que a ella \u201cnadie la compra con zapatos de cristales\u201d, platic\u00f3 en entrevista con Exc\u00e9lsior.<\/p>\n<p>\u201cLlega el momento de crecer y me vi en un punto de mi vida en el que dije \u2018canto lo que me dicen, lo que me ponen, pero no es lo que yo quiero decir, ni quiero representar, ni en lo que me siento segura de hacer\u2019. Hasta que un d\u00eda dije \u2018quiero componer con mis sentimientos\u2019.<\/p>\n<p>\u201cMe vi en esta cosa de ver redes y medios en donde estaba en un contexto de \u2018la novia de&#8230;&#8217; o &#8216;que tal cosa&#8217; y fue un momento en donde dije \u2018no llevo tantos a\u00f1os de carrera como para que me vinculen as\u00ed\u2019. Decid\u00ed entonces romper ese silencio y Cenicienta fue mi etapa de adolescente, en la que dije \u2018\u00a1ya, voy a hablar, voy a decir toda mi historia, ya no me importa!\u2019\u201d, expres\u00f3 Karol.<\/p>\n<p>Fue entonces cuando le llam\u00f3 a Jos\u00e9 Luis Roma, de R\u00edo Roma, para que la acompa\u00f1ara en este proceso creativo.<\/p>\n<p>\u201cLe dije que estaba cansada de que la gente creyera que soy una princesa que est\u00e1 esperando a un pr\u00edncipe azul que me lleve una zapatilla de cristal que me quede. Estoy cansada de que, literalmente, me tengan en un concepto en el que yo no puedo hacer las cosas por m\u00ed misma, que necesito a un influencer o a un millonario para sobresalir, cuando en realidad no soy eso.<\/p>\n<p>&nbsp;<\/p>\n<p>\u201cSoy una chica que he crecido con el valor de \u2018t\u00fa puedes hacer las cosas por ti misma\u2019, de \u2018no necesitar pisotear a nadie para llegar a donde quieres llegar\u2019. Entonces, Cenicienta para m\u00ed es esta cosa de \u2018Karol est\u00e1 hablando y est\u00e1, por primera vez, diciendo que quiere disfrutar la vida y gozarla\u2019. Estamos en un momento de la vida, en pleno 2024, en el que las reglas cambiaron. Las mujeres estamos muy empoderadas y el m\u00edo es hablar, decir, sin tener miedo de lo que la gente diga de m\u00ed. Quise darles herramientas para que digan \u2018\u00a1guau, se solt\u00f3! \u00a1Ya no es una princesa!\u2019\u201d, explic\u00f3.<\/p>\n<p>Karol siente una responsabilidad con sus seguidores, sobre todo con aquellos que la han acompa\u00f1ado y crecido junto a ella.<\/p>\n<p>\u201cLa responsabilidad ah\u00ed est\u00e1. Desde que me convert\u00ed en un personaje a seguir para mucha gente, la mochila est\u00e1 puesta. Intent\u00e9 quit\u00e1rmela y me di cuenta que no pude. No es algo que me moleste, sino que forma parte de este crecimiento. Muchas personas me dicen \u2018es que fuiste mi infancia\u2019. \u00a1Me hace sentir vieja, porque tengo 24 a\u00f1os tambi\u00e9n y he crecido con ellas o con ellos! Tambi\u00e9n estoy aprendiendo de mis errores y aciertos.<\/p>\n<p>\u201cAh\u00ed fue donde entend\u00ed cu\u00e1l era mi camino y mi misi\u00f3n con un p\u00fablico que creci\u00f3 con Soy Luna y que siguen viendo ni\u00f1as peque\u00f1as. Entonces, la responsabilidad es el triple, porque quiere decir que me sigue ese p\u00fablico (infantil). Hay m\u00fasica para todos, pero mi misi\u00f3n ahora es cantar con base a c\u00f3mo voy creciendo. Es as\u00ed que estoy componiendo canciones de lo que a todos nos ha pasado, como la primera vez que te enamoras.<\/p>\n<p>\u201cEstoy escribiendo a mi coraz\u00f3n roto, porque fue terrible y sent\u00eda que el mundo se iba a acabar. Tambi\u00e9n empec\u00e9 a componer a mi crecimiento como persona y como mujer: Cenicienta representa lo que es esta mujer de 24 a\u00f1os que tiene responsabilidades, pero quiere divertirse y vivir, as\u00ed como ser autosuficiente. Se trata de levantar la voz, como artista, y decir \u2018esto soy yo, esta es Karol Sevilla\u2019\u201d, afirm\u00f3.<\/p>\n<p>La originaria de la Ciudad de M\u00e9xico, nacida el 9 de noviembre de 1999, quien estudi\u00f3 actuaci\u00f3n en el Centro de Educaci\u00f3n Art\u00edstica de Televisa y termin\u00f3 sus estudios de secundaria en el Colegio Militar en Buenos Aires, Argentina, comparti\u00f3 que, para ella, el instinto es muy importante y para crear sigue siempre a lo que dice su coraz\u00f3n.<\/p>\n<p>\u201cDejo que mi instinto me diga si s\u00ed o no y hasta ahora no me he equivocado. Me gusta ir con lo que mi coraz\u00f3n diga y eso me ha llevado hasta ac\u00e1.<\/p>\n<p>\u201cSoy muy fiel a lo que soy. Soy muy agradecida con lo que la vida, en su momento, me dio. Te vuelves loca, porque la carrera es muy fuerte, es una monta\u00f1a rusa de emociones en la que un d\u00eda est\u00e1s arriba y al otro, abajo o ni siquiera sabes d\u00f3nde est\u00e1s. Lo he vivido.<\/p>\n<p>\u201cPero estoy muy agradecida porque tengo una familia en la que somos mu\u00e9ganos y cada decisi\u00f3n que tomo, siempre mi jurado importante son mi mam\u00e1 y mi hermano, aunque la \u00faltima decisi\u00f3n la tome yo. Claro, a veces me equivoco, pero una vez me dijeron que \u2018quien no se arriesga, no gana\u2019, as\u00ed que me voy a arriesgar siempre, porque no me quiero quedar con la duda\u201d, apunt\u00f3.<\/p>\n<p>Tambi\u00e9n en cine<\/p>\n<p>Karol Sevilla, quien debut\u00f3 en la pantalla en 2008 con t\u00edtulos como la telenovela Querida enemiga y la pel\u00edcula Spam, as\u00ed como sobre el escenario del musical La novicia rebelde, tambi\u00e9n incursion\u00f3 en doblaje como Dani Fern\u00e1ndez en la cinta animada Wifi Raph, diez a\u00f1os despu\u00e9s.<\/p>\n<p>Hoy protagoniza, y es productora asociada, de la pel\u00edcula Casi el para\u00edso, como Teresa Rondia. En esta pel\u00edcula mexico-italiana, dirigida por Edgar San Juan, basada en la novela hom\u00f3nima de Luis Spota, comparti\u00f3 cr\u00e9ditos con Miguel Rodarte, Esmeralda Pimentel, Andrea Arcangeli y Enrique Arreola.<\/p>\n<p>\u201cToda mi vida quise un personaje as\u00ed, que me llamara la atenci\u00f3n. Quer\u00eda dar un paso en el que dijera la gente \u2018guau\u2019. Trabaj\u00e9 mi ego, porque me mal acostumbr\u00e9 a que me llamaban y me quedaba, pero aqu\u00ed hice casting y fue una cosa de \u2018b\u00e1jale, porque aqu\u00ed todos somos iguales y estamos luchando por un lugar\u2019. Cuando me dijeron \u2018te quedas\u2019, fue incre\u00edble porque nunca hab\u00eda trabajado en cine en M\u00e9xico, as\u00ed que me sent\u00eda como ni\u00f1a chiquita con un dulce.<\/p>\n<p>\u201cDe repente, leo y veo las escenas fuertes en las que me despido de la ni\u00f1a Disney. Entr\u00e9 en shock y dije \u2018ah caray, pues es que ya firm\u00e9\u2019. Son escenas cuidadas, pero estamos hablando de escenas fuertes. Fue s\u00faper raro, pero dije \u2018es el paso que tienes que dar\u2019 y me sent\u00e9 conmigo misma y dije \u2018a ver, vas a tener comentarios muy bonitos, pero tambi\u00e9n otros que van a decir que por qu\u00e9, si eres un ejemplo a seguir\u2019. Habr\u00e1 de todo, pero \u00a1estoy lista!<\/p>\n<p>\u201cCasi el para\u00edso es un gran reto, porque les hablo a los adolescentes al abordar lo que pasa en redes sociales, es una ni\u00f1a-mujer que es v\u00edctima de la ilusi\u00f3n y el mal amor, es v\u00edctima de la mentira y de que aprendi\u00f3 a mentir, porque sus padres son dos grandes mentirosos. La pel\u00edcula, que se estrena el 12 de septiembre pr\u00f3ximo, ser\u00e1 un antes y un despu\u00e9s en mi carrera\u201d, concluy\u00f3.<\/p>\n<p>&nbsp;<\/p>\n<p>No deja el doblaje<\/p>\n<p>Form\u00f3 parte de las voces de la pel\u00edcula animada argentina-alemana Gigantes, en la que recrea el personaje de Victoria. Adem\u00e1s, es productora asociada.<\/p>\n<p>\u201cEs como Karol chiquita, a la que le dec\u00edan \u2018tienes que hacer esto\u2019 y ella dec\u00eda que no. Representa a las ni\u00f1as autosuficientes\u201d, dijo.<\/p>\n<p>&nbsp;<\/p>\n<p>Karol Sevilla se encuentra lista para realizar su Luminova Tour, una gira con presentaciones en las siguientes ciudades:<\/p>\n<p>Agosto 21 \u2013 CDMX \/ Pepsi Center.<br \/>\nSeptiembre 5 \u2013 Guadalajara \/ Teatro Diana.<br \/>\nSeptiembre 6 \u2013 Toluca \/ Teatro Morelos.<br \/>\nSeptiembre 20 \u2013 Monterrey \/ Showcenter.<br \/>\nSeptiembre 27 \u2013 Puebla \/ Auditorio Explanada.<br \/>\nSeptiembre 28 \u2013 M\u00e9rida \/ Auditorio La Isla.<\/p>\n<p>El dato<\/p>\n<p>Para saber<\/p>\n<p>Detall\u00f3 que parte de su equipo creativo es su mam\u00e1 Carolina Cisneros, a quien conf\u00eda su propuesta musical.<\/p>\n","protected":false},"excerpt":{"rendered":"<p>Para quienes recordaban a la cantante y actriz Karol Sevilla como la tierna protagonista de&#8230;<\/p>\n","protected":false},"author":1,"featured_media":23923,"comment_status":"open","ping_status":"closed","sticky":false,"template":"","format":"standard","meta":{"footnotes":""},"categories":[4],"tags":[],"class_list":["post-23921","post","type-post","status-publish","format-standard","has-post-thumbnail","hentry","category-espectaculos"],"_links":{"self":[{"href":"https:\/\/sacramentoqr.com\/index.php?rest_route=\/wp\/v2\/posts\/23921","targetHints":{"allow":["GET"]}}],"collection":[{"href":"https:\/\/sacramentoqr.com\/index.php?rest_route=\/wp\/v2\/posts"}],"about":[{"href":"https:\/\/sacramentoqr.com\/index.php?rest_route=\/wp\/v2\/types\/post"}],"author":[{"embeddable":true,"href":"https:\/\/sacramentoqr.com\/index.php?rest_route=\/wp\/v2\/users\/1"}],"replies":[{"embeddable":true,"href":"https:\/\/sacramentoqr.com\/index.php?rest_route=%2Fwp%2Fv2%2Fcomments&post=23921"}],"version-history":[{"count":1,"href":"https:\/\/sacramentoqr.com\/index.php?rest_route=\/wp\/v2\/posts\/23921\/revisions"}],"predecessor-version":[{"id":23922,"href":"https:\/\/sacramentoqr.com\/index.php?rest_route=\/wp\/v2\/posts\/23921\/revisions\/23922"}],"wp:featuredmedia":[{"embeddable":true,"href":"https:\/\/sacramentoqr.com\/index.php?rest_route=\/wp\/v2\/media\/23923"}],"wp:attachment":[{"href":"https:\/\/sacramentoqr.com\/index.php?rest_route=%2Fwp%2Fv2%2Fmedia&parent=23921"}],"wp:term":[{"taxonomy":"category","embeddable":true,"href":"https:\/\/sacramentoqr.com\/index.php?rest_route=%2Fwp%2Fv2%2Fcategories&post=23921"},{"taxonomy":"post_tag","embeddable":true,"href":"https:\/\/sacramentoqr.com\/index.php?rest_route=%2Fwp%2Fv2%2Ftags&post=23921"}],"curies":[{"name":"wp","href":"https:\/\/api.w.org\/{rel}","templated":true}]}}