{"id":23961,"date":"2024-07-24T11:22:58","date_gmt":"2024-07-24T16:22:58","guid":{"rendered":"https:\/\/sacramentoqr.com\/?p=23961"},"modified":"2024-07-24T16:22:59","modified_gmt":"2024-07-24T16:22:59","slug":"el-hambre-en-el-mundo-se-mantiene-en-niveles-elevados-por-tercer-ano-consecutivo","status":"publish","type":"post","link":"https:\/\/sacramentoqr.com\/?p=23961","title":{"rendered":"El hambre en el mundo se mantiene en niveles elevados por tercer a\u00f1o consecutivo"},"content":{"rendered":"<p>Los niveles de hambre se mantuvieron preocupantemente altos en 2023 por tercer a\u00f1o consecutivo, con alrededor de 733 millones de personas subalimentadas de forma cr\u00f3nica en todo el mundo, seg\u00fan un informe divulgado este mi\u00e9rcoles por cinco agencias de Naciones Unidas.<\/p>\n<p>El informe sobre El estado de la seguridad alimentaria y la nutrici\u00f3n en el mundo, presentado en R\u00edo de Janeiro, coincidiendo con las reuniones ministeriales del G20, muestra un escenario global alarmante en el que una de cada once personas pas\u00f3 hambre el a\u00f1o pasado.<\/p>\n<p>El hambre sigue aumentando en \u00c1frica, donde lo sufre un 20.4 por ciento de su poblaci\u00f3n, se estabiliza en Asia (8.1 %) y experimenta progresos en Latinoam\u00e9rica (6.2 %), salvo en la regi\u00f3n del Caribe.<\/p>\n<p>\u201cEn \u00c1frica, los conflictos han aumentado y el acceso a financiaci\u00f3n se ha visto reducido enormemente\u201d, explic\u00f3 a EFE M\u00e1ximo Torero, economista jefe de la agencia de la ONU para la Alimentaci\u00f3n y la Agricultura (FAO).<\/p>\n<p>Guerras, cat\u00e1strofes clim\u00e1ticas y crisis econ\u00f3micas<br \/>\nEl mundo ha retrocedido 15 a\u00f1os en la lucha contra el hambre, con niveles de subalimentaci\u00f3n comparables a los de 2008-2009, al calor de las guerras, la crisis clim\u00e1tica, la p\u00e9rdida de poder adquisitivo corro\u00eddo por la inflaci\u00f3n, la falta de financiaci\u00f3n y la creciente desigualdad social.<\/p>\n<p>Estos fen\u00f3menos, en especial las guerras, las cat\u00e1strofes clim\u00e1ticas y las crisis econ\u00f3micas, \u201cson cada vez m\u00e1s frecuentes y graves\u201d, alerta el informe.<\/p>\n<p>Los estragos de la pandemia de COVID-19 permanecen. Hoy, hay 152 millones de personas m\u00e1s que pasan hambre en comparaci\u00f3n con 2019.<\/p>\n<p>Entre 2022 y 2023 s\u00ed hubo avances en los \u00edndices de retraso en el crecimiento y la lactancia materna exclusiva, pero el acceso a una alimentaci\u00f3n adecuada contin\u00faa siendo una quimera \u201cinalcanzable\u201d para muchos.<\/p>\n<p>El a\u00f1o pasado, alrededor de dos mil 330 millones de personas, es decir, casi un tercio de la poblaci\u00f3n mundial, se enfrent\u00f3 a una inseguridad alimentaria moderada o grave, pr\u00e1cticamente el mismo nivel que se alcanz\u00f3 durante la crisis del coronavirus.<\/p>\n<p>La pandemia ha exacerbado mucho las desigualdades\u201d, apunt\u00f3 Torero.<\/p>\n<p>Se necesita financiaci\u00f3n, tambi\u00e9n del sector privado<br \/>\nEl informe de este a\u00f1o pone el \u00e9nfasis en la necesidad \u201curgente\u201d de \u201cuna financiaci\u00f3n mayor y m\u00e1s rentable, con una definici\u00f3n clara y estandarizada\u201d en pro de la seguridad alimentaria y la nutrici\u00f3n, especialmente en los pa\u00edses pobres.<\/p>\n<p>\u201cSe necesita invertir m\u00e1s y hacerlo de manera m\u00e1s inteligente. Las inversiones no deben venir solo de los Gobiernos; tambi\u00e9n del sector privado, que esperamos que tenga una parte en esta lucha contra el hambre y la pobreza rural\u201d, apunt\u00f3 a EFE Rossana Polastri, directora regional del FIDA para Am\u00e9rica Latina y el Caribe.<\/p>\n<p>No cubrir ese d\u00e9ficit de financiaci\u00f3n tendr\u00e1 consecuencias \u201csociales, econ\u00f3micas y medioambientales\u201d que requerir\u00e1n soluciones que tambi\u00e9n costar\u00e1n varios billones de d\u00f3lares.<\/p>\n<p>Y las previsiones a futuro no son alentadoras.<\/p>\n<p>Si se mantiene la tendencia, \u201c582 millones de personas estar\u00e1n cr\u00f3nicamente subalimentadas en 2030, la mitad de ellas en \u00c1frica\u201d, alertan la FAO, el Fondo Internacional de Desarrollo Agr\u00edcola (FIDA), la Organizaci\u00f3n Mundial de la Salud (OMS), el Programa Mundial de Alimentos (PMA) y el Fondo para la Infancia (Unicef), autores del estudio.<\/p>\n<p>Una cifra muy alejada del objetivo de cero hambruna marcado para ese a\u00f1o.<\/p>\n<p>Para acercarse a esa meta que hoy parece imposible, Brasil, que ostenta la presidencia rotativa del G20, lanza este mi\u00e9rcoles una Alianza Global contra el Hambre con la que pretende acabar con esta lacra a trav\u00e9s de una mejor coordinaci\u00f3n y una mayor inversi\u00f3n.<\/p>\n","protected":false},"excerpt":{"rendered":"<p>Los niveles de hambre se mantuvieron preocupantemente altos en 2023 por tercer a\u00f1o consecutivo, con&#8230;<\/p>\n","protected":false},"author":1,"featured_media":23963,"comment_status":"open","ping_status":"closed","sticky":false,"template":"","format":"standard","meta":{"footnotes":""},"categories":[5],"tags":[],"class_list":["post-23961","post","type-post","status-publish","format-standard","has-post-thumbnail","hentry","category-internacional"],"_links":{"self":[{"href":"https:\/\/sacramentoqr.com\/index.php?rest_route=\/wp\/v2\/posts\/23961","targetHints":{"allow":["GET"]}}],"collection":[{"href":"https:\/\/sacramentoqr.com\/index.php?rest_route=\/wp\/v2\/posts"}],"about":[{"href":"https:\/\/sacramentoqr.com\/index.php?rest_route=\/wp\/v2\/types\/post"}],"author":[{"embeddable":true,"href":"https:\/\/sacramentoqr.com\/index.php?rest_route=\/wp\/v2\/users\/1"}],"replies":[{"embeddable":true,"href":"https:\/\/sacramentoqr.com\/index.php?rest_route=%2Fwp%2Fv2%2Fcomments&post=23961"}],"version-history":[{"count":1,"href":"https:\/\/sacramentoqr.com\/index.php?rest_route=\/wp\/v2\/posts\/23961\/revisions"}],"predecessor-version":[{"id":23962,"href":"https:\/\/sacramentoqr.com\/index.php?rest_route=\/wp\/v2\/posts\/23961\/revisions\/23962"}],"wp:featuredmedia":[{"embeddable":true,"href":"https:\/\/sacramentoqr.com\/index.php?rest_route=\/wp\/v2\/media\/23963"}],"wp:attachment":[{"href":"https:\/\/sacramentoqr.com\/index.php?rest_route=%2Fwp%2Fv2%2Fmedia&parent=23961"}],"wp:term":[{"taxonomy":"category","embeddable":true,"href":"https:\/\/sacramentoqr.com\/index.php?rest_route=%2Fwp%2Fv2%2Fcategories&post=23961"},{"taxonomy":"post_tag","embeddable":true,"href":"https:\/\/sacramentoqr.com\/index.php?rest_route=%2Fwp%2Fv2%2Ftags&post=23961"}],"curies":[{"name":"wp","href":"https:\/\/api.w.org\/{rel}","templated":true}]}}