{"id":23973,"date":"2024-07-25T11:14:34","date_gmt":"2024-07-25T16:14:34","guid":{"rendered":"https:\/\/sacramentoqr.com\/?p=23973"},"modified":"2024-07-25T16:14:35","modified_gmt":"2024-07-25T16:14:35","slug":"invita-imss-morelos-a-su-curso-vacacional","status":"publish","type":"post","link":"https:\/\/sacramentoqr.com\/?p=23973","title":{"rendered":"Invita IMSS Morelos a su curso vacacional"},"content":{"rendered":"<h4>Del 29 de julio al 16 de agosto se impartir\u00e1n actividades recreativas, deportivas y culturales, con la participaci\u00f3n de personal institucional.<\/h4>\n<p>El Instituto Mexicano del Seguro Social (IMSS) en Morelos, a trav\u00e9s de la Jefatura de Salud en el Trabajo y Prestaciones Econ\u00f3micas y Sociales, invita a todos los padres o tutores a inscribir a ni\u00f1as y ni\u00f1os en el Curso Vacacional Recreativo 2024.<\/p>\n<p>Del 29 de julio al 16 de agosto se impartir\u00e1n actividades recreativas, deportivas y culturales, con la participaci\u00f3n de personal institucional (docentes, orientadores, orientador t\u00e9cnico m\u00e9dico, guardavidas, entre otras personas).<\/p>\n<p>Cabe destacar que en el Centro de Seguridad Social (CSS) en Zacatepec, las actividades comenzaron este 22 de julio, sin embargo, las personas interesadas a\u00fan pueden acudir a inscribirse al curso.<\/p>\n<p>El Curso Vacacional Recreativo se desarrollar\u00e1 durante las pr\u00f3ximas semanas en un horario de 9:00 a 13:00 horas en los Centros de Seguridad Social (CCS) ubicados en Jiutepec, Yautepec, Tlaltizap\u00e1n, Ayala, Tlaquiltenango, Puente de Ixtla, Zacatepec, Jojutla, Cuernavaca y en la Unidad Deportiva \u201cFidel Vel\u00e1zquez\u201d.<\/p>\n<p>Los documentos que se requieren para la inscripci\u00f3n son credencial escolar o Cartilla Nacional de Salud del menor de edad, adem\u00e1s de que se deber\u00e1 cubrir una cuota de inscripci\u00f3n y de recuperaci\u00f3n.<\/p>\n<p>Para m\u00e1s informaci\u00f3n, se puede acudir a las oficinas de Trabajo Social de cada Centro de Seguridad Social y en la Unidad Deportiva \u201cFidel Vel\u00e1zquez\u201d.<\/p>\n","protected":false},"excerpt":{"rendered":"<p>Del 29 de julio al 16 de agosto se impartir\u00e1n actividades recreativas, deportivas y culturales,&#8230;<\/p>\n","protected":false},"author":1,"featured_media":23975,"comment_status":"open","ping_status":"closed","sticky":false,"template":"","format":"standard","meta":{"footnotes":""},"categories":[29],"tags":[],"class_list":["post-23973","post","type-post","status-publish","format-standard","has-post-thumbnail","hentry","category-michoacan"],"_links":{"self":[{"href":"https:\/\/sacramentoqr.com\/index.php?rest_route=\/wp\/v2\/posts\/23973","targetHints":{"allow":["GET"]}}],"collection":[{"href":"https:\/\/sacramentoqr.com\/index.php?rest_route=\/wp\/v2\/posts"}],"about":[{"href":"https:\/\/sacramentoqr.com\/index.php?rest_route=\/wp\/v2\/types\/post"}],"author":[{"embeddable":true,"href":"https:\/\/sacramentoqr.com\/index.php?rest_route=\/wp\/v2\/users\/1"}],"replies":[{"embeddable":true,"href":"https:\/\/sacramentoqr.com\/index.php?rest_route=%2Fwp%2Fv2%2Fcomments&post=23973"}],"version-history":[{"count":1,"href":"https:\/\/sacramentoqr.com\/index.php?rest_route=\/wp\/v2\/posts\/23973\/revisions"}],"predecessor-version":[{"id":23974,"href":"https:\/\/sacramentoqr.com\/index.php?rest_route=\/wp\/v2\/posts\/23973\/revisions\/23974"}],"wp:featuredmedia":[{"embeddable":true,"href":"https:\/\/sacramentoqr.com\/index.php?rest_route=\/wp\/v2\/media\/23975"}],"wp:attachment":[{"href":"https:\/\/sacramentoqr.com\/index.php?rest_route=%2Fwp%2Fv2%2Fmedia&parent=23973"}],"wp:term":[{"taxonomy":"category","embeddable":true,"href":"https:\/\/sacramentoqr.com\/index.php?rest_route=%2Fwp%2Fv2%2Fcategories&post=23973"},{"taxonomy":"post_tag","embeddable":true,"href":"https:\/\/sacramentoqr.com\/index.php?rest_route=%2Fwp%2Fv2%2Ftags&post=23973"}],"curies":[{"name":"wp","href":"https:\/\/api.w.org\/{rel}","templated":true}]}}