{"id":24010,"date":"2024-07-27T14:35:21","date_gmt":"2024-07-27T19:35:21","guid":{"rendered":"https:\/\/sacramentoqr.com\/?p=24010"},"modified":"2024-07-28T03:23:25","modified_gmt":"2024-07-28T03:23:25","slug":"claudia-sheinbaum-asegura-que-defendera-la-educacion-publica-y-humanista","status":"publish","type":"post","link":"https:\/\/sacramentoqr.com\/?p=24010","title":{"rendered":"Claudia Sheinbaum asegura que defender\u00e1 la educaci\u00f3n p\u00fablica y humanista"},"content":{"rendered":"<h4>La virtual presidenta electa advirti\u00f3 que la educaci\u00f3n no debe ser vista como una mercanc\u00eda o un privilegio.<\/h4>\n<p>#TLALTIZAP\u00c1NDEZAPATA | La virtual presidenta electa, Claudia Sheinbaum Pardo, asegur\u00f3 en su gobierno no s\u00f3lo combatir\u00e1 la corrupci\u00f3n y los privilegios, sino que defender\u00e1 el derecho del pueblo a una educaci\u00f3n p\u00fablica y humanista.<\/p>\n<p>Al recordar sus or\u00edgenes en la lucha social, como integrante del movimiento de \u201clos rechazados\u201d y en el Consejo Estudiantil Universitario (CEU) que se opuso a las cuotas en la UNAM, Sheinbaum destac\u00f3 que la educaci\u00f3n no debe ser vista como una mercanc\u00eda o un privilegio.<\/p>\n<p>\u201cVamos a seguir defendiendo y fortaleciendo los derechos del pueblo de M\u00e9xico, acceso a la educaci\u00f3n, el acceso a la salud y todos lo que significan derechos\u201d.<\/p>\n<p>Al acompa\u00f1ar al presidente Andr\u00e9s Manuel L\u00f3pez Obrador a una evaluaci\u00f3n del Programa de Universidades para el Bienestar Benito Ju\u00e1rez Garc\u00eda en este municipio, la candidata ganadora de los pasados comicios presidenciales se comprometi\u00f3 a reformar el referido programa para seguir ampliando el derecho a la educaci\u00f3n.<\/p>\n","protected":false},"excerpt":{"rendered":"<p>La virtual presidenta electa advirti\u00f3 que la educaci\u00f3n no debe ser vista como una mercanc\u00eda&#8230;<\/p>\n","protected":false},"author":1,"featured_media":24012,"comment_status":"open","ping_status":"closed","sticky":false,"template":"","format":"standard","meta":{"footnotes":""},"categories":[7],"tags":[],"class_list":["post-24010","post","type-post","status-publish","format-standard","has-post-thumbnail","hentry","category-nacional"],"_links":{"self":[{"href":"https:\/\/sacramentoqr.com\/index.php?rest_route=\/wp\/v2\/posts\/24010","targetHints":{"allow":["GET"]}}],"collection":[{"href":"https:\/\/sacramentoqr.com\/index.php?rest_route=\/wp\/v2\/posts"}],"about":[{"href":"https:\/\/sacramentoqr.com\/index.php?rest_route=\/wp\/v2\/types\/post"}],"author":[{"embeddable":true,"href":"https:\/\/sacramentoqr.com\/index.php?rest_route=\/wp\/v2\/users\/1"}],"replies":[{"embeddable":true,"href":"https:\/\/sacramentoqr.com\/index.php?rest_route=%2Fwp%2Fv2%2Fcomments&post=24010"}],"version-history":[{"count":1,"href":"https:\/\/sacramentoqr.com\/index.php?rest_route=\/wp\/v2\/posts\/24010\/revisions"}],"predecessor-version":[{"id":24011,"href":"https:\/\/sacramentoqr.com\/index.php?rest_route=\/wp\/v2\/posts\/24010\/revisions\/24011"}],"wp:featuredmedia":[{"embeddable":true,"href":"https:\/\/sacramentoqr.com\/index.php?rest_route=\/wp\/v2\/media\/24012"}],"wp:attachment":[{"href":"https:\/\/sacramentoqr.com\/index.php?rest_route=%2Fwp%2Fv2%2Fmedia&parent=24010"}],"wp:term":[{"taxonomy":"category","embeddable":true,"href":"https:\/\/sacramentoqr.com\/index.php?rest_route=%2Fwp%2Fv2%2Fcategories&post=24010"},{"taxonomy":"post_tag","embeddable":true,"href":"https:\/\/sacramentoqr.com\/index.php?rest_route=%2Fwp%2Fv2%2Ftags&post=24010"}],"curies":[{"name":"wp","href":"https:\/\/api.w.org\/{rel}","templated":true}]}}