{"id":24128,"date":"2024-07-31T11:28:26","date_gmt":"2024-07-31T16:28:26","guid":{"rendered":"https:\/\/sacramentoqr.com\/?p=24128"},"modified":"2024-07-31T16:28:27","modified_gmt":"2024-07-31T16:28:27","slug":"berenice-hernandez-calderon-destaca-el-potencial-de-desarrollo-sostenible-en-tlahuac","status":"publish","type":"post","link":"https:\/\/sacramentoqr.com\/?p=24128","title":{"rendered":"Berenice Hern\u00e1ndez Calder\u00f3n destaca el potencial de desarrollo sostenible en Tl\u00e1huac"},"content":{"rendered":"<h4>La autoridad municipal subray\u00f3 la importancia de un crecimiento arm\u00f3nico que respete la vocaci\u00f3n agr\u00edcola y medioambiental de la demarcaci\u00f3n<\/h4>\n<p>#CDMX | La alcaldesa de Tl\u00e1huac, Berenice Hern\u00e1ndez Calder\u00f3n, reafirm\u00f3 el potencial de desarrollo de la alcald\u00eda en un reciente encuentro con el titular de la Secretar\u00eda de Desarrollo Urbano y Vivienda de la Ciudad de M\u00e9xico, Inti Mu\u00f1oz. Durante una mesa de trabajo, Hern\u00e1ndez Calder\u00f3n subray\u00f3 la importancia de un crecimiento arm\u00f3nico que respete la vocaci\u00f3n agr\u00edcola y medioambiental de la demarcaci\u00f3n.<\/p>\n<p>\u201cTl\u00e1huac es una alcald\u00eda con gran potencial de desarrollo, pero \u00e9ste debe ser arm\u00f3nico, tomando en cuenta siempre nuestra vocaci\u00f3n agr\u00edcola y medioambiental,\u201d declar\u00f3 la alcaldesa. En la reuni\u00f3n, se abordaron diversos temas clave relacionados con la planeaci\u00f3n urbana sustentable, la recuperaci\u00f3n de espacios p\u00fablicos y la reactivaci\u00f3n del paisaje urbano, entre otros.<\/p>\n<p>Hern\u00e1ndez Calder\u00f3n y Mu\u00f1oz discutieron estrategias para promover un desarrollo urbano que integre la sostenibilidad con el crecimiento econ\u00f3mico, garantizando que las transformaciones urban\u00edsticas no comprometan los recursos naturales ni el entorno agr\u00edcola de la zona.<\/p>\n<p>El encuentro dej\u00f3 entrever que pr\u00f3ximamente se anunciar\u00e1n iniciativas importantes para la alcald\u00eda de Tl\u00e1huac, las cuales buscan mejorar la infraestructura y la calidad de vida en la demarcaci\u00f3n, al tiempo que se preservan sus caracter\u00edsticas ecol\u00f3gicas y agr\u00edcolas. La alcaldesa prometi\u00f3 mantener a la comunidad informada sobre los avances y las nuevas oportunidades que se presenten.<\/p>\n<p>Con estos esfuerzos, la administraci\u00f3n de Berenice Hern\u00e1ndez Calder\u00f3n demuestra su compromiso con un desarrollo equilibrado y respetuoso del medioambiente, alineado con las necesidades y aspiraciones de los habitantes de Tl\u00e1huac.<\/p>\n","protected":false},"excerpt":{"rendered":"<p>La autoridad municipal subray\u00f3 la importancia de un crecimiento arm\u00f3nico que respete la vocaci\u00f3n agr\u00edcola&#8230;<\/p>\n","protected":false},"author":1,"featured_media":24130,"comment_status":"open","ping_status":"closed","sticky":false,"template":"","format":"standard","meta":{"footnotes":""},"categories":[17],"tags":[],"class_list":["post-24128","post","type-post","status-publish","format-standard","has-post-thumbnail","hentry","category-cdmx"],"_links":{"self":[{"href":"https:\/\/sacramentoqr.com\/index.php?rest_route=\/wp\/v2\/posts\/24128","targetHints":{"allow":["GET"]}}],"collection":[{"href":"https:\/\/sacramentoqr.com\/index.php?rest_route=\/wp\/v2\/posts"}],"about":[{"href":"https:\/\/sacramentoqr.com\/index.php?rest_route=\/wp\/v2\/types\/post"}],"author":[{"embeddable":true,"href":"https:\/\/sacramentoqr.com\/index.php?rest_route=\/wp\/v2\/users\/1"}],"replies":[{"embeddable":true,"href":"https:\/\/sacramentoqr.com\/index.php?rest_route=%2Fwp%2Fv2%2Fcomments&post=24128"}],"version-history":[{"count":1,"href":"https:\/\/sacramentoqr.com\/index.php?rest_route=\/wp\/v2\/posts\/24128\/revisions"}],"predecessor-version":[{"id":24129,"href":"https:\/\/sacramentoqr.com\/index.php?rest_route=\/wp\/v2\/posts\/24128\/revisions\/24129"}],"wp:featuredmedia":[{"embeddable":true,"href":"https:\/\/sacramentoqr.com\/index.php?rest_route=\/wp\/v2\/media\/24130"}],"wp:attachment":[{"href":"https:\/\/sacramentoqr.com\/index.php?rest_route=%2Fwp%2Fv2%2Fmedia&parent=24128"}],"wp:term":[{"taxonomy":"category","embeddable":true,"href":"https:\/\/sacramentoqr.com\/index.php?rest_route=%2Fwp%2Fv2%2Fcategories&post=24128"},{"taxonomy":"post_tag","embeddable":true,"href":"https:\/\/sacramentoqr.com\/index.php?rest_route=%2Fwp%2Fv2%2Ftags&post=24128"}],"curies":[{"name":"wp","href":"https:\/\/api.w.org\/{rel}","templated":true}]}}