{"id":24183,"date":"2024-08-03T20:15:01","date_gmt":"2024-08-04T01:15:01","guid":{"rendered":"https:\/\/sacramentoqr.com\/?p=24183"},"modified":"2024-08-04T01:15:02","modified_gmt":"2024-08-04T01:15:02","slug":"claudia-sheinbaum-presume-inauguracion-del-megapuente-de-la-concordia","status":"publish","type":"post","link":"https:\/\/sacramentoqr.com\/?p=24183","title":{"rendered":"Claudia Sheinbaum presume inauguraci\u00f3n del megapuente de La Concordia"},"content":{"rendered":"<p>\ud83d\udd38El presidente Andr\u00e9s Manuel L\u00f3pez Obrador encabez\u00f3 el evento de apertura en compa\u00f1\u00eda de la presidenta electa de M\u00e9xico.<\/p>\n<p>#CHIAPAS | Con m\u00fasica de fondo de sones chiapanecos, la presidenta electa de M\u00e9xico, Claudia Sheinbaum Pardo comparti\u00f3 un video para presumir la obra del megapuente de La Concordia, puente que fue inaugurado por el presidente Andr\u00e9s Manuel L\u00f3pez Obrador.<\/p>\n<p>En el clip que comparti\u00f3 a trav\u00e9s de sus redes sociales, la presidenta electa destac\u00f3 que su construcci\u00f3n se registr\u00f3 en un \u201clugar espectacular y maravilloso\u201d. En las im\u00e1genes se puede apreciar una carretera que llega al espacio monumental, donde camina en compa\u00f1\u00eda del mandatario mexicano.<\/p>\n<p>\u201cCada vez que lleg\u00f3 a un lugar es emotivo y maravilloso. Gracias presidente Andr\u00e9s Manuel L\u00f3pez Obrador, \u00e9l escribi\u00f3 un libro que dice Gracias, pero en realidad el pueblo de M\u00e9xico le da las gracias\u201d.<\/p>\n<p>Destac\u00f3 que las obras que inaugura el mandatario mexicano tienen que ver con una concepci\u00f3n y una filosof\u00eda de pa\u00eds, y con la \u201cesencia de lo que ha significado el movimiento de transformaci\u00f3n\u201d.<\/p>\n<p>De acuerdo con datos del gobierno, se trata de una obra majestuosa que fue concluida tras la solicitud de los habitantes chiapanecos.<\/p>\n","protected":false},"excerpt":{"rendered":"<p>\ud83d\udd38El presidente Andr\u00e9s Manuel L\u00f3pez Obrador encabez\u00f3 el evento de apertura en compa\u00f1\u00eda de la&#8230;<\/p>\n","protected":false},"author":1,"featured_media":24185,"comment_status":"open","ping_status":"closed","sticky":false,"template":"","format":"standard","meta":{"footnotes":""},"categories":[7],"tags":[],"class_list":["post-24183","post","type-post","status-publish","format-standard","has-post-thumbnail","hentry","category-nacional"],"_links":{"self":[{"href":"https:\/\/sacramentoqr.com\/index.php?rest_route=\/wp\/v2\/posts\/24183","targetHints":{"allow":["GET"]}}],"collection":[{"href":"https:\/\/sacramentoqr.com\/index.php?rest_route=\/wp\/v2\/posts"}],"about":[{"href":"https:\/\/sacramentoqr.com\/index.php?rest_route=\/wp\/v2\/types\/post"}],"author":[{"embeddable":true,"href":"https:\/\/sacramentoqr.com\/index.php?rest_route=\/wp\/v2\/users\/1"}],"replies":[{"embeddable":true,"href":"https:\/\/sacramentoqr.com\/index.php?rest_route=%2Fwp%2Fv2%2Fcomments&post=24183"}],"version-history":[{"count":1,"href":"https:\/\/sacramentoqr.com\/index.php?rest_route=\/wp\/v2\/posts\/24183\/revisions"}],"predecessor-version":[{"id":24184,"href":"https:\/\/sacramentoqr.com\/index.php?rest_route=\/wp\/v2\/posts\/24183\/revisions\/24184"}],"wp:featuredmedia":[{"embeddable":true,"href":"https:\/\/sacramentoqr.com\/index.php?rest_route=\/wp\/v2\/media\/24185"}],"wp:attachment":[{"href":"https:\/\/sacramentoqr.com\/index.php?rest_route=%2Fwp%2Fv2%2Fmedia&parent=24183"}],"wp:term":[{"taxonomy":"category","embeddable":true,"href":"https:\/\/sacramentoqr.com\/index.php?rest_route=%2Fwp%2Fv2%2Fcategories&post=24183"},{"taxonomy":"post_tag","embeddable":true,"href":"https:\/\/sacramentoqr.com\/index.php?rest_route=%2Fwp%2Fv2%2Ftags&post=24183"}],"curies":[{"name":"wp","href":"https:\/\/api.w.org\/{rel}","templated":true}]}}