{"id":24186,"date":"2024-08-03T20:17:55","date_gmt":"2024-08-04T01:17:55","guid":{"rendered":"https:\/\/sacramentoqr.com\/?p=24186"},"modified":"2024-08-04T01:17:57","modified_gmt":"2024-08-04T01:17:57","slug":"marco-verde-amarra-medalla-para-mexico-en-paris-2024","status":"publish","type":"post","link":"https:\/\/sacramentoqr.com\/?p=24186","title":{"rendered":"Marco Verde amarra medalla para M\u00e9xico en Paris 2024"},"content":{"rendered":"<p>\ud83d\udd38El boxeador mexicano asegur\u00f3 colgarse una presea tras avanzar a las Semifinales en la categor\u00eda de los 71 kilogramos.<\/p>\n<p>#PAR\u00cdS2024\ud83c\udde8\ud83c\uddf5 | El boxeador Marco Verde asegur\u00f3 colgarse una medalla para M\u00e9xico en Par\u00eds 2024 luego de meterse en las Semifinales en la categor\u00eda de los 71 kilogramos.<\/p>\n<p>El pugilista mexicano derrot\u00f3 por decisi\u00f3n dividida al indio Nashant Dev tras un combate cerrado y lleno de emociones en el cual los dos pugilistas buscaron llevarse el triunfo desde el inicio.<\/p>\n<p>Ahora, Marco Verde tendr\u00e1 que medirse ante el brit\u00e1nico Lewis Richardson en la antesala de la pelea por la medalla de oro.<\/p>\n<p>Previo a su combate de este s\u00e1bado, Sa\u00fal &#8216;Canelo&#8217; \u00c1lvarez le envi\u00f3 un mensaje de apoyo a Marco Verde.<\/p>\n<p>A trav\u00e9s de redes sociales, se viraliz\u00f3 un video donde el &#8216;Canelo&#8217; alienta al pugilista mazatleco previo a su pelea de Cuartos de Final.<\/p>\n<p>\u201cMuchas felicidades Marco, \u00e9chale muchas ganas aqu\u00ed te vimos, te estamos apoyando, \u00e9chale cabr\u00f3n para que ganes esa medalla, \u00e9xito\u201d, fue el mensaje del \u2018Canelo\u2019.<\/p>\n<p>Con 22 a\u00f1os, el boxeador mexicano venci\u00f3 al mozambique\u00f1o Tiago Muxanga por 3 a 2 puntos en las preliminares de los 71 kg.<\/p>\n<p>Marco Verde es el \u00fanico pugilista de M\u00e9xico que queda en Paris 2024 luego de que Miguel \u00c1ngel Ram\u00edrez cayera en las preliminares de los 63.5 kg ante el uzbeco Ruslan Abdullaev por 5-0.<\/p>\n<p>Mientras que en la rama femenina, Fatima Herrera fue eliminada en los Octavos de Final de los 50 kg por la turca Buse Naz Cakiroglu por 5-0; y Citlalli Ortiz perdi\u00f3 en las preliminares de los 75 kg frente a la australiana Caitlin Parker, tambi\u00e9n por 5-0 puntos.<\/p>\n","protected":false},"excerpt":{"rendered":"<p>\ud83d\udd38El boxeador mexicano asegur\u00f3 colgarse una presea tras avanzar a las Semifinales en la categor\u00eda&#8230;<\/p>\n","protected":false},"author":1,"featured_media":24188,"comment_status":"open","ping_status":"closed","sticky":false,"template":"","format":"standard","meta":{"footnotes":""},"categories":[27],"tags":[],"class_list":["post-24186","post","type-post","status-publish","format-standard","has-post-thumbnail","hentry","category-paris-2024"],"_links":{"self":[{"href":"https:\/\/sacramentoqr.com\/index.php?rest_route=\/wp\/v2\/posts\/24186","targetHints":{"allow":["GET"]}}],"collection":[{"href":"https:\/\/sacramentoqr.com\/index.php?rest_route=\/wp\/v2\/posts"}],"about":[{"href":"https:\/\/sacramentoqr.com\/index.php?rest_route=\/wp\/v2\/types\/post"}],"author":[{"embeddable":true,"href":"https:\/\/sacramentoqr.com\/index.php?rest_route=\/wp\/v2\/users\/1"}],"replies":[{"embeddable":true,"href":"https:\/\/sacramentoqr.com\/index.php?rest_route=%2Fwp%2Fv2%2Fcomments&post=24186"}],"version-history":[{"count":1,"href":"https:\/\/sacramentoqr.com\/index.php?rest_route=\/wp\/v2\/posts\/24186\/revisions"}],"predecessor-version":[{"id":24187,"href":"https:\/\/sacramentoqr.com\/index.php?rest_route=\/wp\/v2\/posts\/24186\/revisions\/24187"}],"wp:featuredmedia":[{"embeddable":true,"href":"https:\/\/sacramentoqr.com\/index.php?rest_route=\/wp\/v2\/media\/24188"}],"wp:attachment":[{"href":"https:\/\/sacramentoqr.com\/index.php?rest_route=%2Fwp%2Fv2%2Fmedia&parent=24186"}],"wp:term":[{"taxonomy":"category","embeddable":true,"href":"https:\/\/sacramentoqr.com\/index.php?rest_route=%2Fwp%2Fv2%2Fcategories&post=24186"},{"taxonomy":"post_tag","embeddable":true,"href":"https:\/\/sacramentoqr.com\/index.php?rest_route=%2Fwp%2Fv2%2Ftags&post=24186"}],"curies":[{"name":"wp","href":"https:\/\/api.w.org\/{rel}","templated":true}]}}