{"id":24192,"date":"2024-08-05T12:19:00","date_gmt":"2024-08-05T17:19:00","guid":{"rendered":"https:\/\/sacramentoqr.com\/?p=24192"},"modified":"2024-08-05T17:19:01","modified_gmt":"2024-08-05T17:19:01","slug":"amlo-confirma-que-tren-maya-quedara-concluido-a-inicios-de-septiembre","status":"publish","type":"post","link":"https:\/\/sacramentoqr.com\/?p=24192","title":{"rendered":"AMLO confirma que Tren Maya quedar\u00e1 concluido a inicios de septiembre"},"content":{"rendered":"<p>L\u00f3pez Obrador indic\u00f3 que el Tren Maya quedar\u00e1 concluido entre el 6 y el 8 de septiembre, y que ning\u00fan recurso judicial lo va a detener<\/p>\n<p>&nbsp;<\/p>\n<p>El presidente Andr\u00e9s Manuel L\u00f3pez Obrador apunt\u00f3 que los mil 500 kil\u00f3metros del Tren Maya quedar\u00e1n concluidos a inicios de septiembre.<\/p>\n<p>En la conferencia matutina de Palacio Nacional, L\u00f3pez Obrador indic\u00f3 que dicho proyecto prioritario quedar\u00e1 concluido entre el 6 y el 8 de septiembre, y que ning\u00fan recurso judicial lo va a poder detener.<\/p>\n<p>\u201cTodav\u00eda est\u00e1n queriendo parar el tren nada m\u00e1s que ya no lo van a parar, porque ya vamos a tener todo el tren a principios de septiembre\u201d, se\u00f1al\u00f3.<\/p>\n<p>6,7 y 8 de septiembre ya se terminen los mil 500 kil\u00f3metros del Tren Maya\u201d, puntualiz\u00f3.<\/p>\n<p>El proyecto insignia del presidente mexicano contempla mil 554 kil\u00f3metros con siete tramos que atraviesan cinco estados y 36 municipios y tiene un total de 34 estaciones.<\/p>\n<p>Esta ma\u00f1ana, el general \u00d3scar David Lozano \u00c1guila, director del Tren Maya, apunt\u00f3 que de diciembre pasado a la fecha dicho medio ha transportado a 297 mil 237 personas desde su inauguraci\u00f3n, en diciembre pasado.<\/p>\n","protected":false},"excerpt":{"rendered":"<p>L\u00f3pez Obrador indic\u00f3 que el Tren Maya quedar\u00e1 concluido entre el 6 y el 8&#8230;<\/p>\n","protected":false},"author":1,"featured_media":24194,"comment_status":"open","ping_status":"closed","sticky":false,"template":"","format":"standard","meta":{"footnotes":""},"categories":[7],"tags":[],"class_list":["post-24192","post","type-post","status-publish","format-standard","has-post-thumbnail","hentry","category-nacional"],"_links":{"self":[{"href":"https:\/\/sacramentoqr.com\/index.php?rest_route=\/wp\/v2\/posts\/24192","targetHints":{"allow":["GET"]}}],"collection":[{"href":"https:\/\/sacramentoqr.com\/index.php?rest_route=\/wp\/v2\/posts"}],"about":[{"href":"https:\/\/sacramentoqr.com\/index.php?rest_route=\/wp\/v2\/types\/post"}],"author":[{"embeddable":true,"href":"https:\/\/sacramentoqr.com\/index.php?rest_route=\/wp\/v2\/users\/1"}],"replies":[{"embeddable":true,"href":"https:\/\/sacramentoqr.com\/index.php?rest_route=%2Fwp%2Fv2%2Fcomments&post=24192"}],"version-history":[{"count":1,"href":"https:\/\/sacramentoqr.com\/index.php?rest_route=\/wp\/v2\/posts\/24192\/revisions"}],"predecessor-version":[{"id":24193,"href":"https:\/\/sacramentoqr.com\/index.php?rest_route=\/wp\/v2\/posts\/24192\/revisions\/24193"}],"wp:featuredmedia":[{"embeddable":true,"href":"https:\/\/sacramentoqr.com\/index.php?rest_route=\/wp\/v2\/media\/24194"}],"wp:attachment":[{"href":"https:\/\/sacramentoqr.com\/index.php?rest_route=%2Fwp%2Fv2%2Fmedia&parent=24192"}],"wp:term":[{"taxonomy":"category","embeddable":true,"href":"https:\/\/sacramentoqr.com\/index.php?rest_route=%2Fwp%2Fv2%2Fcategories&post=24192"},{"taxonomy":"post_tag","embeddable":true,"href":"https:\/\/sacramentoqr.com\/index.php?rest_route=%2Fwp%2Fv2%2Ftags&post=24192"}],"curies":[{"name":"wp","href":"https:\/\/api.w.org\/{rel}","templated":true}]}}