{"id":24220,"date":"2024-08-06T10:35:23","date_gmt":"2024-08-06T15:35:23","guid":{"rendered":"https:\/\/sacramentoqr.com\/?p=24220"},"modified":"2024-08-06T15:35:24","modified_gmt":"2024-08-06T15:35:24","slug":"kamala-harris-oficializa-a-walz-como-su-candidato-a-vicepresidente","status":"publish","type":"post","link":"https:\/\/sacramentoqr.com\/?p=24220","title":{"rendered":"Kamala Harris oficializa a Walz como su candidato a vicepresidente"},"content":{"rendered":"<p>La vicepresidenta y candidata dem\u00f3crata a la Presidencia de Estados Unidos, Kamala Harris, hizo oficial la elecci\u00f3n del gobernador de Minesota, Tim Walz, como compa\u00f1ero de f\u00f3rmula y destac\u00f3 que ser\u00e1 un defensor de la clase media y las familias trabajadoras.<\/p>\n<p>\u201cComo gobernador, entrenador, maestro y veterano ha entregado resultados para familias trabajadoras como la suya\u201d, asegur\u00f3 Harris en redes sociales.<\/p>\n<p>\u201cUna de las cosas que me llamaron la atenci\u00f3n de Tim es c\u00f3mo sus convicciones para defender a la clase media son algo profundo para \u00e9l. Son algo personal\u201d, a\u00f1adi\u00f3 Harris tras hacer p\u00fablico el esperado anuncio de su vicepresidente.<\/p>\n<p>Walz acept\u00f3 la propuesta de convertirse en el candidato a vicepresidente de la papeleta electoral de los dem\u00f3cratas en las elecciones de noviembre y comparecer\u00e1 esta tarde junto con Harris en un mitin en Filadelfia (Pensilvania).<\/p>\n<p>Harris record\u00f3 que Walz perdi\u00f3 a su padre a los 19 a\u00f1os y su familia dependi\u00f3 de las ayudas de la Seguridad Social para llegar a fin de mes y que ha servido en la Guardia Nacional durante 24 a\u00f1os y es uno de los beneficiaros del llamado \u2018GI Bill\u2019, que ha permitido a generaciones de personas de clase media acceder a educaci\u00f3n superior asequible.<\/p>\n<p>La candidata dem\u00f3crata destac\u00f3 que ha trabajado con legisladores republicanos para aprobar inversiones en infraestructuras, ha recortado impuestos para \u201cfamilias trabajadoras\u201d e hizo que Minesota fuera el primer estado del pa\u00eds que tom\u00f3 medidas para blindar el derecho a la interrupci\u00f3n del embarazo despu\u00e9s de que en 2022 el Tribunal Supremo tumbara \u2018Roe v. Wade\u2019, que proteg\u00eda el derecho al aborto a nivel federal.<\/p>\n<p>\u201cTim es un l\u00edder probado en batallas que tiene un incre\u00edble historial de logros para las familias de Minesota. Estoy segura de que traer\u00e1 el mismo liderazgo basado en principios a nuestra campa\u00f1a y al cargo de vicepresidente\u201d, a\u00f1adi\u00f3 Harris.<\/p>\n<p>Walz, de 60 a\u00f1os, era el candidato preferido de los progresistas para optar al puesto de n\u00famero dos de Harris y fue inmediatamente atacado por el expresidente y candidato republicano a la Casa Blanca, Donald Trump, como un \u201cizquierdoso radical\u201c.<\/p>\n<p>El gobernador de Minesota ha sido cuestionado por su respuesta a los disturbios de Mine\u00e1polis en 2020 tras la muerte de George Floyd y la pol\u00e9mica sobre el mal uso de fondos federales durante la pandemia de COVID-19.<\/p>\n<p>En una reciente encuesta de NPR, el 71 por ciento de los votantes aseguraron que no sab\u00eda qui\u00e9n era Walz, el porcentaje m\u00e1s alto que en el caso de los otros dos aspirantes al puesto: el gobernador de Pensilvania, Josh Shapiro, y el senador por Arizona Mark Kelly.<\/p>\n","protected":false},"excerpt":{"rendered":"<p>La vicepresidenta y candidata dem\u00f3crata a la Presidencia de Estados Unidos, Kamala Harris, hizo oficial&#8230;<\/p>\n","protected":false},"author":1,"featured_media":24222,"comment_status":"open","ping_status":"closed","sticky":false,"template":"","format":"standard","meta":{"footnotes":""},"categories":[5],"tags":[],"class_list":["post-24220","post","type-post","status-publish","format-standard","has-post-thumbnail","hentry","category-internacional"],"_links":{"self":[{"href":"https:\/\/sacramentoqr.com\/index.php?rest_route=\/wp\/v2\/posts\/24220","targetHints":{"allow":["GET"]}}],"collection":[{"href":"https:\/\/sacramentoqr.com\/index.php?rest_route=\/wp\/v2\/posts"}],"about":[{"href":"https:\/\/sacramentoqr.com\/index.php?rest_route=\/wp\/v2\/types\/post"}],"author":[{"embeddable":true,"href":"https:\/\/sacramentoqr.com\/index.php?rest_route=\/wp\/v2\/users\/1"}],"replies":[{"embeddable":true,"href":"https:\/\/sacramentoqr.com\/index.php?rest_route=%2Fwp%2Fv2%2Fcomments&post=24220"}],"version-history":[{"count":1,"href":"https:\/\/sacramentoqr.com\/index.php?rest_route=\/wp\/v2\/posts\/24220\/revisions"}],"predecessor-version":[{"id":24221,"href":"https:\/\/sacramentoqr.com\/index.php?rest_route=\/wp\/v2\/posts\/24220\/revisions\/24221"}],"wp:featuredmedia":[{"embeddable":true,"href":"https:\/\/sacramentoqr.com\/index.php?rest_route=\/wp\/v2\/media\/24222"}],"wp:attachment":[{"href":"https:\/\/sacramentoqr.com\/index.php?rest_route=%2Fwp%2Fv2%2Fmedia&parent=24220"}],"wp:term":[{"taxonomy":"category","embeddable":true,"href":"https:\/\/sacramentoqr.com\/index.php?rest_route=%2Fwp%2Fv2%2Fcategories&post=24220"},{"taxonomy":"post_tag","embeddable":true,"href":"https:\/\/sacramentoqr.com\/index.php?rest_route=%2Fwp%2Fv2%2Ftags&post=24220"}],"curies":[{"name":"wp","href":"https:\/\/api.w.org\/{rel}","templated":true}]}}