{"id":24251,"date":"2024-08-07T11:22:43","date_gmt":"2024-08-07T16:22:43","guid":{"rendered":"https:\/\/sacramentoqr.com\/?p=24251"},"modified":"2024-08-07T16:22:44","modified_gmt":"2024-08-07T16:22:44","slug":"margarita-gonzalez-piorizara-el-gasto-social-para-combatir-la-desigualdad-en-morelos","status":"publish","type":"post","link":"https:\/\/sacramentoqr.com\/?p=24251","title":{"rendered":"Margarita Gonz\u00e1lez piorizar\u00e1 el gasto social para combatir la desigualdad en Morelos"},"content":{"rendered":"<p>\ud83d\udd38 Su administraci\u00f3n destinar\u00e1 recursos significativos a iniciativas que beneficien a las comunidades m\u00e1s vulnerables<\/p>\n<p>#MORELOS | Margarita Gonz\u00e1lez, gobernadora electa de Morelos, ha anunciado su compromiso de enfrentar una de las problem\u00e1ticas m\u00e1s apremiantes en el estado: la desigualdad social. La futura mandataria destac\u00f3 que su administraci\u00f3n priorizar\u00e1 el gasto social dirigido a los grupos menos favorecidos.<\/p>\n<p>\u201cEs imperativo que abordemos la desigualdad desde una perspectiva p\u00fablica\u201d, declar\u00f3 Gonz\u00e1lez. \u201cNuestro enfoque principal ser\u00e1 reducir las brechas econ\u00f3micas y sociales mediante la implementaci\u00f3n de programas sociales efectivos y bien dirigidos.\u201d<\/p>\n<p>La gobernadora electa enfatiz\u00f3 que su administraci\u00f3n destinar\u00e1 recursos significativos a iniciativas que beneficien a las comunidades m\u00e1s vulnerables. \u201cLa desigualdad es una barrera para el desarrollo y el bienestar de nuestra sociedad\u201d, agreg\u00f3. \u201cEstamos comprometidos a realizar una inversi\u00f3n estrat\u00e9gica en programas que no solo alivien las necesidades inmediatas, sino que tambi\u00e9n fomenten oportunidades de crecimiento a largo plazo para todos los ciudadanos.\u201d<\/p>\n<p>Gonz\u00e1lez tambi\u00e9n subray\u00f3 que su equipo est\u00e1 trabajando en una serie de propuestas para asegurar que el gasto social se distribuya de manera equitativa y eficiente. La gobernadora electa prometi\u00f3 rendir cuentas a la ciudadan\u00eda sobre el impacto y la ejecuci\u00f3n de estos programas, buscando siempre maximizar su efectividad.<\/p>\n<p>Esta estrategia forma parte del plan de la administraci\u00f3n de Gonz\u00e1lez para transformar Morelos en un estado m\u00e1s justo y equilibrado, donde cada persona tenga acceso a las oportunidades necesarias para mejorar su calidad de vida.<\/p>\n","protected":false},"excerpt":{"rendered":"<p>\ud83d\udd38 Su administraci\u00f3n destinar\u00e1 recursos significativos a iniciativas que beneficien a las comunidades m\u00e1s vulnerables&#8230;<\/p>\n","protected":false},"author":1,"featured_media":24253,"comment_status":"open","ping_status":"closed","sticky":false,"template":"","format":"standard","meta":{"footnotes":""},"categories":[26],"tags":[],"class_list":["post-24251","post","type-post","status-publish","format-standard","has-post-thumbnail","hentry","category-morelos"],"_links":{"self":[{"href":"https:\/\/sacramentoqr.com\/index.php?rest_route=\/wp\/v2\/posts\/24251","targetHints":{"allow":["GET"]}}],"collection":[{"href":"https:\/\/sacramentoqr.com\/index.php?rest_route=\/wp\/v2\/posts"}],"about":[{"href":"https:\/\/sacramentoqr.com\/index.php?rest_route=\/wp\/v2\/types\/post"}],"author":[{"embeddable":true,"href":"https:\/\/sacramentoqr.com\/index.php?rest_route=\/wp\/v2\/users\/1"}],"replies":[{"embeddable":true,"href":"https:\/\/sacramentoqr.com\/index.php?rest_route=%2Fwp%2Fv2%2Fcomments&post=24251"}],"version-history":[{"count":1,"href":"https:\/\/sacramentoqr.com\/index.php?rest_route=\/wp\/v2\/posts\/24251\/revisions"}],"predecessor-version":[{"id":24252,"href":"https:\/\/sacramentoqr.com\/index.php?rest_route=\/wp\/v2\/posts\/24251\/revisions\/24252"}],"wp:featuredmedia":[{"embeddable":true,"href":"https:\/\/sacramentoqr.com\/index.php?rest_route=\/wp\/v2\/media\/24253"}],"wp:attachment":[{"href":"https:\/\/sacramentoqr.com\/index.php?rest_route=%2Fwp%2Fv2%2Fmedia&parent=24251"}],"wp:term":[{"taxonomy":"category","embeddable":true,"href":"https:\/\/sacramentoqr.com\/index.php?rest_route=%2Fwp%2Fv2%2Fcategories&post=24251"},{"taxonomy":"post_tag","embeddable":true,"href":"https:\/\/sacramentoqr.com\/index.php?rest_route=%2Fwp%2Fv2%2Ftags&post=24251"}],"curies":[{"name":"wp","href":"https:\/\/api.w.org\/{rel}","templated":true}]}}