{"id":24276,"date":"2024-08-09T12:24:09","date_gmt":"2024-08-09T17:24:09","guid":{"rendered":"https:\/\/sacramentoqr.com\/?p=24276"},"modified":"2024-08-09T17:24:10","modified_gmt":"2024-08-09T17:24:10","slug":"huacho-diaz-mena-se-reune-con-claudia-sheinbaum-para-impulsar-el-renacimiento-maya-en-yucatan","status":"publish","type":"post","link":"https:\/\/sacramentoqr.com\/?p=24276","title":{"rendered":"\u201cHuacho\u201d D\u00edaz Mena se re\u00fane con Claudia Sheinbaum para impulsar el Renacimiento Maya en Yucat\u00e1n"},"content":{"rendered":"<p>\ud83d\udd38 El proyecto promete transformar la regi\u00f3n a trav\u00e9s de una serie de iniciativas de infraestructura<\/p>\n<p>#YUCAT\u00c1N | En una reciente reuni\u00f3n con la Presidenta Electa, Claudia Sheinbaum, los gobernadores constitucionales y electos discutieron los proyectos clave para el desarrollo del sureste de M\u00e9xico. Joaqu\u00edn \u201cHuacho\u201d D\u00edaz Mena, gobernador electo de Yucat\u00e1n, estuvo presente en el encuentro, donde se abord\u00f3 el ambicioso Renacimiento Maya.<\/p>\n<p>El proyecto, que promete transformar la regi\u00f3n a trav\u00e9s de una serie de iniciativas de infraestructura, busca fomentar el desarrollo y el bienestar para los habitantes de Yucat\u00e1n. La Dra. Claudia Sheinbaum, primera mujer presidenta de M\u00e9xico, expres\u00f3 su firme compromiso con la realizaci\u00f3n de este proyecto y su apoyo continuo al estado.<\/p>\n<p>D\u00edaz Mena agradeci\u00f3 el respaldo de la Presidenta Electa y subray\u00f3 la importancia del Renacimiento Maya para el futuro de Yucat\u00e1n.<\/p>\n<p>\u201cEstamos entusiasmados con la oportunidad de trabajar juntos para mejorar la calidad de vida en nuestra regi\u00f3n y generar oportunidades de crecimiento para todos los yucatecos\u00bb, afirm\u00f3 D\u00edaz Mena.<\/p>\n<p>Este encuentro marca un paso significativo hacia la implementaci\u00f3n de proyectos que prometen un impacto positivo en el desarrollo y la prosperidad de Yucat\u00e1n.<\/p>\n","protected":false},"excerpt":{"rendered":"<p>\ud83d\udd38 El proyecto promete transformar la regi\u00f3n a trav\u00e9s de una serie de iniciativas de&#8230;<\/p>\n","protected":false},"author":1,"featured_media":24278,"comment_status":"open","ping_status":"closed","sticky":false,"template":"","format":"standard","meta":{"footnotes":""},"categories":[34],"tags":[],"class_list":["post-24276","post","type-post","status-publish","format-standard","has-post-thumbnail","hentry","category-yucatan"],"_links":{"self":[{"href":"https:\/\/sacramentoqr.com\/index.php?rest_route=\/wp\/v2\/posts\/24276","targetHints":{"allow":["GET"]}}],"collection":[{"href":"https:\/\/sacramentoqr.com\/index.php?rest_route=\/wp\/v2\/posts"}],"about":[{"href":"https:\/\/sacramentoqr.com\/index.php?rest_route=\/wp\/v2\/types\/post"}],"author":[{"embeddable":true,"href":"https:\/\/sacramentoqr.com\/index.php?rest_route=\/wp\/v2\/users\/1"}],"replies":[{"embeddable":true,"href":"https:\/\/sacramentoqr.com\/index.php?rest_route=%2Fwp%2Fv2%2Fcomments&post=24276"}],"version-history":[{"count":1,"href":"https:\/\/sacramentoqr.com\/index.php?rest_route=\/wp\/v2\/posts\/24276\/revisions"}],"predecessor-version":[{"id":24277,"href":"https:\/\/sacramentoqr.com\/index.php?rest_route=\/wp\/v2\/posts\/24276\/revisions\/24277"}],"wp:featuredmedia":[{"embeddable":true,"href":"https:\/\/sacramentoqr.com\/index.php?rest_route=\/wp\/v2\/media\/24278"}],"wp:attachment":[{"href":"https:\/\/sacramentoqr.com\/index.php?rest_route=%2Fwp%2Fv2%2Fmedia&parent=24276"}],"wp:term":[{"taxonomy":"category","embeddable":true,"href":"https:\/\/sacramentoqr.com\/index.php?rest_route=%2Fwp%2Fv2%2Fcategories&post=24276"},{"taxonomy":"post_tag","embeddable":true,"href":"https:\/\/sacramentoqr.com\/index.php?rest_route=%2Fwp%2Fv2%2Ftags&post=24276"}],"curies":[{"name":"wp","href":"https:\/\/api.w.org\/{rel}","templated":true}]}}