{"id":24330,"date":"2024-08-12T11:24:37","date_gmt":"2024-08-12T16:24:37","guid":{"rendered":"https:\/\/sacramentoqr.com\/?p=24330"},"modified":"2024-08-12T16:24:38","modified_gmt":"2024-08-12T16:24:38","slug":"tom-daley-anuncia-su-retiro-gano-su-ultima-medalla-en-paris","status":"publish","type":"post","link":"https:\/\/sacramentoqr.com\/?p=24330","title":{"rendered":"Tom Daley anuncia su retiro, gan\u00f3 su \u00faltima medalla en Par\u00eds"},"content":{"rendered":"<p>\ud83d\udd38 El clavadista brit\u00e1nico, de 30 a\u00f1os, quien debut\u00f3 en los Juegos Ol\u00edmpicos a los 14 a\u00f1os, se despide con un palmar\u00e9s que incluye un oro en Tokio 2020 y tres bronces, adem\u00e1s de ser un reconocido activista por los derechos LGBTI+.<\/p>\n<p>#DEPORTES|| El emblem\u00e1tico clavadista brit\u00e1nico Tom Daley, de 30 a\u00f1os, anunci\u00f3 su retirada de la competici\u00f3n este lunes, en una entrevista con la edici\u00f3n inglesa de Vogue, justo despu\u00e9s de finalizar los Juegos de Par\u00eds, donde sum\u00f3 una medalla m\u00e1s a su palmar\u00e9s.<\/p>\n<p>\u00abTen\u00eda que tomar la decisi\u00f3n en alg\u00fan momento y creo que es el momento adecuado\u00bb, dijo Daley, medalla de plata desde la plataforma de 10 metros en modalidad sincronizados en los Juegos de Par\u00eds y oro en Tokio 2020, tambi\u00e9n tiene en su palmar\u00e9s tres bronces tras disputar cinco Juegos de verano.<\/p>\n<p>Daley se convirti\u00f3 en una estrella del deporte brit\u00e1nico tras su debut ol\u00edmpico en Pek\u00edn 2008 con tan s\u00f3lo 14 a\u00f1os. Desde los 10 metros gan\u00f3 el bronce en Londres 2012 y en R\u00edo 2016 se llev\u00f3 el mismo metal, pero en la categor\u00eda sincronizada. En Tokio 2020 lleg\u00f3 el oro, el \u00fanico que dej\u00f3 escapar la todopoderosa China en sincronizada y el bronce en individual.<\/p>\n<p>Tom Daley hab\u00eda decidido retirarse tras el oro de Tokio, pero volvi\u00f3 a competir en sus quintos Juegos porque uno de sus dos hijos le pidi\u00f3 verle saltar. \u00c9l decidi\u00f3 antes de los Juegos que una vez fuera de la piscina de Par\u00eds dejar\u00eda la competici\u00f3n.<\/p>\n<p>Es muy muy surrealista. Me sent\u00ed incre\u00edblemente nervioso en esta situaci\u00f3n, sabiendo que eran mis \u00faltimos juegos ol\u00edmpicos\u00bb, dijo a la revista Vogue.<\/p>\n<p>\u00abAhora estoy deseando pasar tiempo con mi familia y sentirme un poco normal durante un par de d\u00edas\u00bb, a\u00f1adi\u00f3 Daley, que es tambi\u00e9n reconocido por su activismo por los derechos LGBTI+ y uno de los deportistas de mayor perfil que han hecho p\u00fablica su homosexualidad.<\/p>\n","protected":false},"excerpt":{"rendered":"<p>\ud83d\udd38 El clavadista brit\u00e1nico, de 30 a\u00f1os, quien debut\u00f3 en los Juegos Ol\u00edmpicos a los&#8230;<\/p>\n","protected":false},"author":1,"featured_media":24332,"comment_status":"open","ping_status":"closed","sticky":false,"template":"","format":"standard","meta":{"footnotes":""},"categories":[3],"tags":[],"class_list":["post-24330","post","type-post","status-publish","format-standard","has-post-thumbnail","hentry","category-deportes"],"_links":{"self":[{"href":"https:\/\/sacramentoqr.com\/index.php?rest_route=\/wp\/v2\/posts\/24330","targetHints":{"allow":["GET"]}}],"collection":[{"href":"https:\/\/sacramentoqr.com\/index.php?rest_route=\/wp\/v2\/posts"}],"about":[{"href":"https:\/\/sacramentoqr.com\/index.php?rest_route=\/wp\/v2\/types\/post"}],"author":[{"embeddable":true,"href":"https:\/\/sacramentoqr.com\/index.php?rest_route=\/wp\/v2\/users\/1"}],"replies":[{"embeddable":true,"href":"https:\/\/sacramentoqr.com\/index.php?rest_route=%2Fwp%2Fv2%2Fcomments&post=24330"}],"version-history":[{"count":1,"href":"https:\/\/sacramentoqr.com\/index.php?rest_route=\/wp\/v2\/posts\/24330\/revisions"}],"predecessor-version":[{"id":24331,"href":"https:\/\/sacramentoqr.com\/index.php?rest_route=\/wp\/v2\/posts\/24330\/revisions\/24331"}],"wp:featuredmedia":[{"embeddable":true,"href":"https:\/\/sacramentoqr.com\/index.php?rest_route=\/wp\/v2\/media\/24332"}],"wp:attachment":[{"href":"https:\/\/sacramentoqr.com\/index.php?rest_route=%2Fwp%2Fv2%2Fmedia&parent=24330"}],"wp:term":[{"taxonomy":"category","embeddable":true,"href":"https:\/\/sacramentoqr.com\/index.php?rest_route=%2Fwp%2Fv2%2Fcategories&post=24330"},{"taxonomy":"post_tag","embeddable":true,"href":"https:\/\/sacramentoqr.com\/index.php?rest_route=%2Fwp%2Fv2%2Ftags&post=24330"}],"curies":[{"name":"wp","href":"https:\/\/api.w.org\/{rel}","templated":true}]}}