{"id":24339,"date":"2024-08-12T11:36:53","date_gmt":"2024-08-12T16:36:53","guid":{"rendered":"https:\/\/sacramentoqr.com\/?p=24339"},"modified":"2024-08-12T16:36:54","modified_gmt":"2024-08-12T16:36:54","slug":"pepe-couttolenc-celebra-el-dia-internacional-de-la-juventud-y-destaca-el-potencial-juvenil-en-el-estado-de-mexico","status":"publish","type":"post","link":"https:\/\/sacramentoqr.com\/?p=24339","title":{"rendered":"Pepe Couttolenc celebra el D\u00eda Internacional de la Juventud y destaca el potencial juvenil en el Estado de M\u00e9xico"},"content":{"rendered":"<p>\ud83d\udd38 El dirigente estatal del Partido Verde subray\u00f3 que los j\u00f3venes no solo son el presente, sino tambi\u00e9n el futuro, y que su participaci\u00f3n activa en la sociedad es crucial para construir un ma\u00f1ana mejor<\/p>\n<p>#ESTADODEM\u00c9XICO | En el marco del D\u00eda Internacional de la Juventud, Pepe Couttolenc, dirigente estatal del Partido Verde en el Estado de M\u00e9xico, ha emitido un inspirador mensaje en el que subraya la importancia del empoderamiento juvenil y la promesa que representa la juventud para el futuro del estado y del pa\u00eds.<\/p>\n<p>Couttolenc destac\u00f3 que este d\u00eda es una oportunidad para reconocer y apoyar a los j\u00f3venes que poseen el potencial, la creatividad y la energ\u00eda necesarias para alcanzar sus metas. En su declaraci\u00f3n, el l\u00edder pol\u00edtico reafirm\u00f3 su compromiso con el desarrollo y la valorizaci\u00f3n de la juventud como motor de cambio.<\/p>\n<p>\u201cHoy es el D\u00eda Internacional de la Juventud y es tiempo de impulsar a todas y todos esos j\u00f3venes que poseen el potencial, la creatividad y la energ\u00eda para conseguir sus metas. Son el motor de cambio y la esperanza para un mejor futuro. C\u00f3mo siempre lo he dicho: \u00a1Los j\u00f3venes s\u00ed podemos!\u201d expres\u00f3 Couttolenc en un comunicado oficial.<\/p>\n<p>El dirigente estatal del Partido Verde subray\u00f3 que los j\u00f3venes no solo son el presente, sino tambi\u00e9n el futuro, y que su participaci\u00f3n activa en la sociedad es crucial para construir un ma\u00f1ana mejor. Seg\u00fan Couttolenc, es vital ofrecerles las herramientas y el apoyo necesarios para que puedan desarrollar su potencial y contribuir significativamente a la transformaci\u00f3n positiva de su entorno.<\/p>\n<p>El D\u00eda Internacional de la Juventud, celebrado cada 12 de agosto, es una fecha dedicada a celebrar el potencial de la juventud y a fomentar su participaci\u00f3n en la toma de decisiones y en la creaci\u00f3n de un futuro m\u00e1s prometedor. La visi\u00f3n de Couttolenc se alinea con el objetivo de esta conmemoraci\u00f3n, resaltando la importancia de ofrecer oportunidades y alentar la participaci\u00f3n activa de los j\u00f3venes en todos los aspectos de la vida social y pol\u00edtica.<\/p>\n<p>En el contexto actual, en el que los desaf\u00edos globales y locales requieren la energ\u00eda y el ingenio de las nuevas generaciones, el mensaje de Pepe Couttolenc busca motivar a los j\u00f3venes del Estado de M\u00e9xico a involucrarse, a ser proactivos y a contribuir al desarrollo de soluciones innovadoras y efectivas para los problemas que enfrentan sus comunidades.<\/p>\n","protected":false},"excerpt":{"rendered":"<p>\ud83d\udd38 El dirigente estatal del Partido Verde subray\u00f3 que los j\u00f3venes no solo son el&#8230;<\/p>\n","protected":false},"author":1,"featured_media":24341,"comment_status":"open","ping_status":"closed","sticky":false,"template":"","format":"standard","meta":{"footnotes":""},"categories":[23],"tags":[],"class_list":["post-24339","post","type-post","status-publish","format-standard","has-post-thumbnail","hentry","category-edomex"],"_links":{"self":[{"href":"https:\/\/sacramentoqr.com\/index.php?rest_route=\/wp\/v2\/posts\/24339","targetHints":{"allow":["GET"]}}],"collection":[{"href":"https:\/\/sacramentoqr.com\/index.php?rest_route=\/wp\/v2\/posts"}],"about":[{"href":"https:\/\/sacramentoqr.com\/index.php?rest_route=\/wp\/v2\/types\/post"}],"author":[{"embeddable":true,"href":"https:\/\/sacramentoqr.com\/index.php?rest_route=\/wp\/v2\/users\/1"}],"replies":[{"embeddable":true,"href":"https:\/\/sacramentoqr.com\/index.php?rest_route=%2Fwp%2Fv2%2Fcomments&post=24339"}],"version-history":[{"count":1,"href":"https:\/\/sacramentoqr.com\/index.php?rest_route=\/wp\/v2\/posts\/24339\/revisions"}],"predecessor-version":[{"id":24340,"href":"https:\/\/sacramentoqr.com\/index.php?rest_route=\/wp\/v2\/posts\/24339\/revisions\/24340"}],"wp:featuredmedia":[{"embeddable":true,"href":"https:\/\/sacramentoqr.com\/index.php?rest_route=\/wp\/v2\/media\/24341"}],"wp:attachment":[{"href":"https:\/\/sacramentoqr.com\/index.php?rest_route=%2Fwp%2Fv2%2Fmedia&parent=24339"}],"wp:term":[{"taxonomy":"category","embeddable":true,"href":"https:\/\/sacramentoqr.com\/index.php?rest_route=%2Fwp%2Fv2%2Fcategories&post=24339"},{"taxonomy":"post_tag","embeddable":true,"href":"https:\/\/sacramentoqr.com\/index.php?rest_route=%2Fwp%2Fv2%2Ftags&post=24339"}],"curies":[{"name":"wp","href":"https:\/\/api.w.org\/{rel}","templated":true}]}}