{"id":24360,"date":"2024-08-13T11:10:30","date_gmt":"2024-08-13T16:10:30","guid":{"rendered":"https:\/\/sacramentoqr.com\/?p=24360"},"modified":"2024-08-13T16:10:31","modified_gmt":"2024-08-13T16:10:31","slug":"mexico-primer-lugar-en-picaduras-de-alacran-a-nivel-mundial","status":"publish","type":"post","link":"https:\/\/sacramentoqr.com\/?p=24360","title":{"rendered":"M\u00e9xico, primer lugar en picaduras de alacr\u00e1n a nivel mundial"},"content":{"rendered":"<p>\ud83d\udd38Gerardo Contreras, acad\u00e9mico del Instituto de Biolog\u00eda de la UNAM, detalla que en el pa\u00eds habitan m\u00e1s de 300 especies del insecto<\/p>\n<p>#NACIONAL || M\u00e9xico es el pa\u00eds con mayor n\u00famero de picaduras de alacr\u00e1n a nivel mundial, con alrededor de 300 mil casos al a\u00f1o.<\/p>\n<p>Gerardo Contreras, acad\u00e9mico del Instituto de Biolog\u00eda de la UNAM, detalla que en el pa\u00eds habitan m\u00e1s de 300 especies de alacr\u00e1n.<\/p>\n<p>Enfatiza que menos del 10 por ciento de las picaduras son consideradas de importancia m\u00e9dica en las que la atenci\u00f3n es urgente.<\/p>\n<p>Cuando un alacr\u00e1n pica a alguna persona, se\u00f1ala el acad\u00e9mico, el primer s\u00edntoma es dolor en el \u00e1rea, seguida de entumecimiento o ardor.<\/p>\n<p>Posteriormente se enrojece el \u00e1rea, y en casos graves causa un paro en las v\u00edas respiratorias.<\/p>\n<p>De ocurrir esto \u00faltimo es imprescindible acudir a emergencias o con un doctor y evitar la automedicaci\u00f3n.<\/p>\n<p>Hace poco, la Secretar\u00eda de Salud federal cancel\u00f3 la Norma Oficial mediante la cual se daba vigilancia y control obligatorio a la intoxicaci\u00f3n por picadura de alacr\u00e1n.<\/p>\n<p>Lo anterior, por la ligera disminuci\u00f3n de casos, en comparaci\u00f3n con 2021, y a la asignaci\u00f3n de m\u00e1s de 100 millones de pesos anuales para la compra de 367 mil frascos de tratamiento.<\/p>\n<p>Expertos se\u00f1alan que la falta de regulaci\u00f3n podr\u00eda complicar el pron\u00f3stico, con lo que se deber\u00e1 confiar en que el personal m\u00e9dico est\u00e9 debidamente capacitado.<\/p>\n<p>Gerardo Contreras refiri\u00f3 que la mayor\u00eda de alacranes se encuentra hacia el Pac\u00edfico, por lo que los medicamentos o favoter\u00e1picos para tratar las picaduras de tal animal deben estar, en su mayor\u00eda, en dichas zonas.<\/p>\n","protected":false},"excerpt":{"rendered":"<p>\ud83d\udd38Gerardo Contreras, acad\u00e9mico del Instituto de Biolog\u00eda de la UNAM, detalla que en el pa\u00eds&#8230;<\/p>\n","protected":false},"author":1,"featured_media":24362,"comment_status":"open","ping_status":"closed","sticky":false,"template":"","format":"standard","meta":{"footnotes":""},"categories":[7],"tags":[],"class_list":["post-24360","post","type-post","status-publish","format-standard","has-post-thumbnail","hentry","category-nacional"],"_links":{"self":[{"href":"https:\/\/sacramentoqr.com\/index.php?rest_route=\/wp\/v2\/posts\/24360","targetHints":{"allow":["GET"]}}],"collection":[{"href":"https:\/\/sacramentoqr.com\/index.php?rest_route=\/wp\/v2\/posts"}],"about":[{"href":"https:\/\/sacramentoqr.com\/index.php?rest_route=\/wp\/v2\/types\/post"}],"author":[{"embeddable":true,"href":"https:\/\/sacramentoqr.com\/index.php?rest_route=\/wp\/v2\/users\/1"}],"replies":[{"embeddable":true,"href":"https:\/\/sacramentoqr.com\/index.php?rest_route=%2Fwp%2Fv2%2Fcomments&post=24360"}],"version-history":[{"count":1,"href":"https:\/\/sacramentoqr.com\/index.php?rest_route=\/wp\/v2\/posts\/24360\/revisions"}],"predecessor-version":[{"id":24361,"href":"https:\/\/sacramentoqr.com\/index.php?rest_route=\/wp\/v2\/posts\/24360\/revisions\/24361"}],"wp:featuredmedia":[{"embeddable":true,"href":"https:\/\/sacramentoqr.com\/index.php?rest_route=\/wp\/v2\/media\/24362"}],"wp:attachment":[{"href":"https:\/\/sacramentoqr.com\/index.php?rest_route=%2Fwp%2Fv2%2Fmedia&parent=24360"}],"wp:term":[{"taxonomy":"category","embeddable":true,"href":"https:\/\/sacramentoqr.com\/index.php?rest_route=%2Fwp%2Fv2%2Fcategories&post=24360"},{"taxonomy":"post_tag","embeddable":true,"href":"https:\/\/sacramentoqr.com\/index.php?rest_route=%2Fwp%2Fv2%2Ftags&post=24360"}],"curies":[{"name":"wp","href":"https:\/\/api.w.org\/{rel}","templated":true}]}}