{"id":24363,"date":"2024-08-13T11:13:39","date_gmt":"2024-08-13T16:13:39","guid":{"rendered":"https:\/\/sacramentoqr.com\/?p=24363"},"modified":"2024-08-13T16:13:40","modified_gmt":"2024-08-13T16:13:40","slug":"amlo-no-recibira-al-presidente-de-argentina-javier-milei-cuando-visite-mexico","status":"publish","type":"post","link":"https:\/\/sacramentoqr.com\/?p=24363","title":{"rendered":"AMLO no recibir\u00e1 al presidente de Argentina, Javier Milei, cuando visite M\u00e9xico"},"content":{"rendered":"<p>\ud83d\udd38 L\u00f3pez Obrador asever\u00f3 que no coincide con la manera de pensar y la forma de ser de su hom\u00f3logo argentino<\/p>\n<p>Andr\u00e9s Manuel L\u00f3pez Obrador, presidente de M\u00e9xico, asever\u00f3 que su hom\u00f3logo argentino, Javier Milei, puede visitar nuestro pa\u00eds, pero que \u00e9l no lo va a recibir.<\/p>\n<p>En la conferencia matutina de Palacio Nacional, L\u00f3pez Obrador asever\u00f3 que no lo recibir\u00e1 en Palacio Nacional porque no coincide con su \u201cmanera de pensar y su forma de ser\u201d.<\/p>\n<p>\u201cEs algo normal (que Milei venga a M\u00e9xico). En nuestro pa\u00eds hay libertades, pueden venir cualquier persona, presidente, dirigente de oposici\u00f3n, representante de los bloques de derecha que hay en el mundo y este es un pa\u00eds libre, no hay censura, no hay persecuci\u00f3n, hay libertades plenas, no hay ning\u00fan problema\u201d, se\u00f1al\u00f3.<\/p>\n<p>No (lo recibir\u00e1), porque no coincido con su manera de pensar y su forma de ser, sin embargo, \u00e9l es libre y una cosa es el Gobierno de M\u00e9xico y otra cosa es el pueblo de M\u00e9xico, y nuestro pueblo siempre ha sido muy hospitalario, fraterno y respetuoso\u201d, agreg\u00f3.<\/p>\n<p>El mandatario mexicano revel\u00f3 que cuando la Presidencia de Argentina ha pedido permiso para que Milei pase por el espacio a\u00e9reo de M\u00e9xico para ir a los Estados Unidos, se le ha concedido sin ning\u00fan tipo de contratiempo.<\/p>\n<p>\u201cNo hay ning\u00fan problema, \u00e9l puede venir cuando ha pasado a EE.UU. solicita permiso para el uso del espacio a\u00e9reo, nunca se le ha negado a nadie, a nosotros s\u00ed, cuando fuimos a buscar a Evo (Morales), se nos neg\u00f3 el uso del espacio a\u00e9reo en Per\u00fa, en Ecuador; ahora que fui yo a Chile di una vuelta para no pasar pro el espacio a\u00e9reo de Ecuador y de per\u00fa, pero en el caso de nosotros ning\u00fan problema\u201d, dijo.<\/p>\n<p>El presidente de Argentina, Javier Milei, participar\u00e1 en la Conferencia de Acci\u00f3n Pol\u00edtica Conservadora (CPAC), el mayor y m\u00e1s influyente foro de movimientos de derecha del mundo, que se realizar\u00e1 el 24 de agosto en la Ciudad de M\u00e9xico, informaron los organizadores del evento.<\/p>\n<p>\u201cEl presidente de la Rep\u00fablica Argentina, Javier Milei, ha confirmado su participaci\u00f3n en la Conservative Political Action Conference (CPAC) de M\u00e9xico, que se llevar\u00e1 a cabo el pr\u00f3ximo 24 de agosto\u201d, se\u00f1al\u00f3 un comunicado del equipo de prensa del mexicano Eduardo Ver\u00e1stegui, actor y activista que organiza el evento.<\/p>\n<p>Seg\u00fan la informaci\u00f3n, Milei presentar\u00e1 \u201cun firme mensaje sobre la imperiosa necesidad de seguir luchando por la libertad en Am\u00e9rica Latina y el mundo\u201d.<\/p>\n<p>El texto anticip\u00f3 que su discurso ser\u00e1 uno de \u201clos momentos culminantes del evento, atrayendo la atenci\u00f3n de l\u00edderes conservadores y defensores de la libertad en toda la regi\u00f3n\u201d<\/p>\n","protected":false},"excerpt":{"rendered":"<p>\ud83d\udd38 L\u00f3pez Obrador asever\u00f3 que no coincide con la manera de pensar y la forma&#8230;<\/p>\n","protected":false},"author":1,"featured_media":24365,"comment_status":"open","ping_status":"closed","sticky":false,"template":"","format":"standard","meta":{"footnotes":""},"categories":[5],"tags":[],"class_list":["post-24363","post","type-post","status-publish","format-standard","has-post-thumbnail","hentry","category-internacional"],"_links":{"self":[{"href":"https:\/\/sacramentoqr.com\/index.php?rest_route=\/wp\/v2\/posts\/24363","targetHints":{"allow":["GET"]}}],"collection":[{"href":"https:\/\/sacramentoqr.com\/index.php?rest_route=\/wp\/v2\/posts"}],"about":[{"href":"https:\/\/sacramentoqr.com\/index.php?rest_route=\/wp\/v2\/types\/post"}],"author":[{"embeddable":true,"href":"https:\/\/sacramentoqr.com\/index.php?rest_route=\/wp\/v2\/users\/1"}],"replies":[{"embeddable":true,"href":"https:\/\/sacramentoqr.com\/index.php?rest_route=%2Fwp%2Fv2%2Fcomments&post=24363"}],"version-history":[{"count":1,"href":"https:\/\/sacramentoqr.com\/index.php?rest_route=\/wp\/v2\/posts\/24363\/revisions"}],"predecessor-version":[{"id":24364,"href":"https:\/\/sacramentoqr.com\/index.php?rest_route=\/wp\/v2\/posts\/24363\/revisions\/24364"}],"wp:featuredmedia":[{"embeddable":true,"href":"https:\/\/sacramentoqr.com\/index.php?rest_route=\/wp\/v2\/media\/24365"}],"wp:attachment":[{"href":"https:\/\/sacramentoqr.com\/index.php?rest_route=%2Fwp%2Fv2%2Fmedia&parent=24363"}],"wp:term":[{"taxonomy":"category","embeddable":true,"href":"https:\/\/sacramentoqr.com\/index.php?rest_route=%2Fwp%2Fv2%2Fcategories&post=24363"},{"taxonomy":"post_tag","embeddable":true,"href":"https:\/\/sacramentoqr.com\/index.php?rest_route=%2Fwp%2Fv2%2Ftags&post=24363"}],"curies":[{"name":"wp","href":"https:\/\/api.w.org\/{rel}","templated":true}]}}