{"id":24438,"date":"2024-08-15T11:34:33","date_gmt":"2024-08-15T16:34:33","guid":{"rendered":"https:\/\/sacramentoqr.com\/?p=24438"},"modified":"2024-08-15T16:34:35","modified_gmt":"2024-08-15T16:34:35","slug":"se-realiza-la-detencion-de-cinco-personas-presuntas-implicadas-en-delitos-contra-la-salud","status":"publish","type":"post","link":"https:\/\/sacramentoqr.com\/?p=24438","title":{"rendered":"Se realiza la detenci\u00f3n de cinco personas, presuntas implicadas en delitos Contra la Salud."},"content":{"rendered":"<p>Entre los detenidos se encuentra Yuliana \u201cN\u201d. (a) \u201cLa M\u00e1ster, La 1 y\/o Lorena\u201d, l\u00edder de un grupo criminal que opera en el municipio de Tulum y que se posicionaba como objetivo prioritario de las autoridades por sus acciones delictivas.<\/p>\n<p>En recorridos de vigilancia, elementos de la Secretar\u00eda de Seguridad Ciudadana, se percataron de la presencia de cinco personas, quienes estaban pie tierra intercambiando varias bolsitas de pl\u00e1stico transparente que conten\u00edan en su interior vegetal de color verde con las caracter\u00edsticas de la marihuana.<\/p>\n<p>Los hechos ocurrieron sobre la Avenida Nacar con Avenida Esmeralda del municipio de Tulum, en donde se procedi\u00f3 a la revisi\u00f3n correspondiente.<\/p>\n<p>Se les decomisaron: 389 bolsitas de pl\u00e1stico tipo \u201cziploc\u201d transparentes con vegetal verde y seco con las caracter\u00edsticas similares a la marihuana, 122 bolsitas de pl\u00e1stico tipo \u201cziploc\u201d transparente color naranja con fragmentos s\u00f3lidos transparentes con las caracter\u00edsticas similares al cristal, un tel\u00e9fono de color gris de la marca motorola y un tel\u00e9fono celular color azul de la marca Huawei.<\/p>\n<p>Adem\u00e1s de una mochila de color morada con la leyenda \u201cPerry Ellis\u201d, una mariconera color negra con caf\u00e9 con la leyenda \u201cCoach\u201d, una bolsa de mano color negro, una mariconera color negra con la leyenda \u201cAdidas\u201d y una bolsa amarilla con agarraderas rojas con varios dibujos de diversos personajes.<\/p>\n<p>Los detenidos responden a los nombres de Yuliana \u201cN\u201d, Misael \u201cN\u201d, Gabriel \u201cN\u201d, Gustavo \u201cN\u201d y Dayna \u201cN\u201d, todos fueron trasladados a las instalaciones de la Fiscal\u00eda General del Estado para formalizar la puesta a disposici\u00f3n.<\/p>\n","protected":false},"excerpt":{"rendered":"<p>Entre los detenidos se encuentra Yuliana \u201cN\u201d. (a) \u201cLa M\u00e1ster, La 1 y\/o Lorena\u201d, l\u00edder&#8230;<\/p>\n","protected":false},"author":1,"featured_media":24440,"comment_status":"open","ping_status":"closed","sticky":false,"template":"","format":"standard","meta":{"footnotes":""},"categories":[10],"tags":[],"class_list":["post-24438","post","type-post","status-publish","format-standard","has-post-thumbnail","hentry","category-quintana-roo"],"_links":{"self":[{"href":"https:\/\/sacramentoqr.com\/index.php?rest_route=\/wp\/v2\/posts\/24438","targetHints":{"allow":["GET"]}}],"collection":[{"href":"https:\/\/sacramentoqr.com\/index.php?rest_route=\/wp\/v2\/posts"}],"about":[{"href":"https:\/\/sacramentoqr.com\/index.php?rest_route=\/wp\/v2\/types\/post"}],"author":[{"embeddable":true,"href":"https:\/\/sacramentoqr.com\/index.php?rest_route=\/wp\/v2\/users\/1"}],"replies":[{"embeddable":true,"href":"https:\/\/sacramentoqr.com\/index.php?rest_route=%2Fwp%2Fv2%2Fcomments&post=24438"}],"version-history":[{"count":1,"href":"https:\/\/sacramentoqr.com\/index.php?rest_route=\/wp\/v2\/posts\/24438\/revisions"}],"predecessor-version":[{"id":24439,"href":"https:\/\/sacramentoqr.com\/index.php?rest_route=\/wp\/v2\/posts\/24438\/revisions\/24439"}],"wp:featuredmedia":[{"embeddable":true,"href":"https:\/\/sacramentoqr.com\/index.php?rest_route=\/wp\/v2\/media\/24440"}],"wp:attachment":[{"href":"https:\/\/sacramentoqr.com\/index.php?rest_route=%2Fwp%2Fv2%2Fmedia&parent=24438"}],"wp:term":[{"taxonomy":"category","embeddable":true,"href":"https:\/\/sacramentoqr.com\/index.php?rest_route=%2Fwp%2Fv2%2Fcategories&post=24438"},{"taxonomy":"post_tag","embeddable":true,"href":"https:\/\/sacramentoqr.com\/index.php?rest_route=%2Fwp%2Fv2%2Ftags&post=24438"}],"curies":[{"name":"wp","href":"https:\/\/api.w.org\/{rel}","templated":true}]}}