{"id":24551,"date":"2024-08-20T10:53:46","date_gmt":"2024-08-20T15:53:46","guid":{"rendered":"https:\/\/sacramentoqr.com\/?p=24551"},"modified":"2024-08-20T15:53:47","modified_gmt":"2024-08-20T15:53:47","slug":"el-tulumnense-rio-laciar-jugara-con-la-seleccion-nacional-de-la-copa-america-gaf7","status":"publish","type":"post","link":"https:\/\/sacramentoqr.com\/?p=24551","title":{"rendered":"El tulumnense Ri\u00f3 Laciar jugar\u00e1 con la Selecci\u00f3n Nacional de la Copa Am\u00e9rica GAF7"},"content":{"rendered":"<p>\ud83d\udd38 El Presidente municipal de Tulum, Diego Casta\u00f1\u00f3n Trejo, destac\u00f3 la presencia del futbolista en el torneo que se celebrar\u00e1 en Colombia<\/p>\n<p>El Presidente municipal de Tulum, Diego Casta\u00f1\u00f3n Trejo, encabez\u00f3 la ceremonia de presentaci\u00f3n del futbolista tulumnense, Ri\u00f3 Laciar Castilla, miembro de la selecci\u00f3n nacional de la Copa Am\u00e9rica, el cual se jugar\u00e1 en Colombia del 12 al 15 de septiembre.<\/p>\n<p>\u201cTulum brilla en el deporte y ahora somos GAF7\u201d refiri\u00f3 durante la presentaci\u00f3n del futbolista, el alcalde Diego Casta\u00f1\u00f3n quien adem\u00e1s mostr\u00f3 la playera que utilizar\u00e1 con la Selecci\u00f3n Mexicana en la Copa Am\u00e9rica con la leyenda de Tulum en el pecho.<\/p>\n<p>Por su parte, el director de la Juventud y el Deporte de Tulum, Rodrigo L\u00f3pez Hern\u00e1ndez manifest\u00f3 su orgullo por esta invaluable representaci\u00f3n del noveno municipio ante una liga de talla internacional.<\/p>\n<p>\u201cEstamos orgullosos del llamado de Rio Laciar a la Selecci\u00f3n Nacional y de esta campa\u00f1a deportiva que tendremos a nivel nacional con el Selectivo GAF7 en noviembre donde los ganadores en varonil y femenil jugar\u00e1n el Mundial de Clubes del 2025, el cual ser\u00e1 aqu\u00ed en Tulum\u201d recalc\u00f3.<\/p>\n<p>Durante la presentaci\u00f3n, el presidente de la Asociaci\u00f3n Nacional Global Asociation de Football 7, Rusbel Mosqueda Canepa, emiti\u00f3 su agradecimiento al alcalde por su aporte y apoyo incondicional al deporte, en especial por que ser\u00e1 sede por primera ocasi\u00f3n para M\u00e9xico de un Mundial de Clubes y recalc\u00f3 que el proyecto nacional es ser nuevamente Campeones Mundiales como en 2021.<\/p>\n<p>La presentaci\u00f3n de la playera de la Selecci\u00f3n Nacional se realiz\u00f3 con el delantero de Tulum, Rio Laciar Castilla.<\/p>\n","protected":false},"excerpt":{"rendered":"<p>\ud83d\udd38 El Presidente municipal de Tulum, Diego Casta\u00f1\u00f3n Trejo, destac\u00f3 la presencia del futbolista en&#8230;<\/p>\n","protected":false},"author":1,"featured_media":24553,"comment_status":"open","ping_status":"closed","sticky":false,"template":"","format":"standard","meta":{"footnotes":""},"categories":[10],"tags":[],"class_list":["post-24551","post","type-post","status-publish","format-standard","has-post-thumbnail","hentry","category-quintana-roo"],"_links":{"self":[{"href":"https:\/\/sacramentoqr.com\/index.php?rest_route=\/wp\/v2\/posts\/24551","targetHints":{"allow":["GET"]}}],"collection":[{"href":"https:\/\/sacramentoqr.com\/index.php?rest_route=\/wp\/v2\/posts"}],"about":[{"href":"https:\/\/sacramentoqr.com\/index.php?rest_route=\/wp\/v2\/types\/post"}],"author":[{"embeddable":true,"href":"https:\/\/sacramentoqr.com\/index.php?rest_route=\/wp\/v2\/users\/1"}],"replies":[{"embeddable":true,"href":"https:\/\/sacramentoqr.com\/index.php?rest_route=%2Fwp%2Fv2%2Fcomments&post=24551"}],"version-history":[{"count":1,"href":"https:\/\/sacramentoqr.com\/index.php?rest_route=\/wp\/v2\/posts\/24551\/revisions"}],"predecessor-version":[{"id":24552,"href":"https:\/\/sacramentoqr.com\/index.php?rest_route=\/wp\/v2\/posts\/24551\/revisions\/24552"}],"wp:featuredmedia":[{"embeddable":true,"href":"https:\/\/sacramentoqr.com\/index.php?rest_route=\/wp\/v2\/media\/24553"}],"wp:attachment":[{"href":"https:\/\/sacramentoqr.com\/index.php?rest_route=%2Fwp%2Fv2%2Fmedia&parent=24551"}],"wp:term":[{"taxonomy":"category","embeddable":true,"href":"https:\/\/sacramentoqr.com\/index.php?rest_route=%2Fwp%2Fv2%2Fcategories&post=24551"},{"taxonomy":"post_tag","embeddable":true,"href":"https:\/\/sacramentoqr.com\/index.php?rest_route=%2Fwp%2Fv2%2Ftags&post=24551"}],"curies":[{"name":"wp","href":"https:\/\/api.w.org\/{rel}","templated":true}]}}