{"id":24569,"date":"2024-08-21T10:54:46","date_gmt":"2024-08-21T15:54:46","guid":{"rendered":"https:\/\/sacramentoqr.com\/?p=24569"},"modified":"2024-08-21T15:54:47","modified_gmt":"2024-08-21T15:54:47","slug":"papa-francisco-pide-llevar-amor-y-bondad-a-la-vida-cotidiana-en-un-mundo-marcado-por-la-guerra","status":"publish","type":"post","link":"https:\/\/sacramentoqr.com\/?p=24569","title":{"rendered":"Papa Francisco pide llevar amor y bondad a la vida cotidiana, en un mundo marcado por la guerra"},"content":{"rendered":"<p>\ud83d\udd38 El Santo Padre destac\u00f3 la importancia de comenzar por nuestras familias y lugares de trabajo, y reiter\u00f3 su llamado a la paz para regiones en conflicto como Ucrania, Birmania, Sud\u00e1n del Sur, Kivu del Norte y entre Palestina e Israel.<\/p>\n<p>#VATICANO | El papa Francisco pidi\u00f3 llevar \u201camor, paz y bondad\u201d a nuestra vida cotidiana en un mundo \u201cmarcado por guerras y divisiones\u201d durante la audiencia general celebrada este mi\u00e9rcoles en el aula Pablo VI del Vaticano.<\/p>\n<p>El mundo \u201cnecesita m\u00e1s que nunca los frutos del Esp\u00edritu Santo. Empezando por nuestras familias y nuestros lugares de trabajo, llevar el amor, la paz y la bondad a nuestra vida cotidiana\u201d, dijo el papa en su mensaje a los peregrinos polacos en la audiencia.<\/p>\n<p>Francisco reiter\u00f3 su llamamiento para que la paz llegue a \u201cUcrania que tanto sufre\u201d, pero tambi\u00e9n \u201ca Birmania, Sud\u00e1n del Sur, Kivu del Norte (Rep\u00fablica Democr\u00e1tica del Congo) y tantos pa\u00edses que est\u00e1n en guerra\u201d. \u201cRecemos por la paz y no olvidemos Palestina e Israel, que haya paz\u201d, a\u00f1adi\u00f3.<\/p>\n<p>En la catequesis de la audiencia, el papa lament\u00f3 que \u201cpor desgracia, a veces los cristianos no difunden la fragancia de Cristo, sino el mal olor del propio pecado\u201d.<\/p>\n<p>Y record\u00f3 a los fieles que \u201cel pecado nos aleja de Jes\u00fas, nos acerca al diablo, y el diablo suele entrar por el bolsillo\u201d.<\/p>\n<p>El papa Francisco explic\u00f3 que \u201cLa fragancia de Cristo emana de los frutos del Esp\u00edritu, que son amor, alegr\u00eda, paz, magnanimidad, benignidad, bondad, fidelidad, mansedumbre, dominio de s\u00ed\u201d y que \u201csi nos esforzamos por cultivar estos frutos, entonces, sin que nos demos cuenta, alguien sentir\u00e1 a nuestro alrededor un poco de la fragancia del Esp\u00edritu de Cristo\u201d.<\/p>\n","protected":false},"excerpt":{"rendered":"<p>\ud83d\udd38 El Santo Padre destac\u00f3 la importancia de comenzar por nuestras familias y lugares de&#8230;<\/p>\n","protected":false},"author":1,"featured_media":24571,"comment_status":"open","ping_status":"closed","sticky":false,"template":"","format":"standard","meta":{"footnotes":""},"categories":[5],"tags":[],"class_list":["post-24569","post","type-post","status-publish","format-standard","has-post-thumbnail","hentry","category-internacional"],"_links":{"self":[{"href":"https:\/\/sacramentoqr.com\/index.php?rest_route=\/wp\/v2\/posts\/24569","targetHints":{"allow":["GET"]}}],"collection":[{"href":"https:\/\/sacramentoqr.com\/index.php?rest_route=\/wp\/v2\/posts"}],"about":[{"href":"https:\/\/sacramentoqr.com\/index.php?rest_route=\/wp\/v2\/types\/post"}],"author":[{"embeddable":true,"href":"https:\/\/sacramentoqr.com\/index.php?rest_route=\/wp\/v2\/users\/1"}],"replies":[{"embeddable":true,"href":"https:\/\/sacramentoqr.com\/index.php?rest_route=%2Fwp%2Fv2%2Fcomments&post=24569"}],"version-history":[{"count":1,"href":"https:\/\/sacramentoqr.com\/index.php?rest_route=\/wp\/v2\/posts\/24569\/revisions"}],"predecessor-version":[{"id":24570,"href":"https:\/\/sacramentoqr.com\/index.php?rest_route=\/wp\/v2\/posts\/24569\/revisions\/24570"}],"wp:featuredmedia":[{"embeddable":true,"href":"https:\/\/sacramentoqr.com\/index.php?rest_route=\/wp\/v2\/media\/24571"}],"wp:attachment":[{"href":"https:\/\/sacramentoqr.com\/index.php?rest_route=%2Fwp%2Fv2%2Fmedia&parent=24569"}],"wp:term":[{"taxonomy":"category","embeddable":true,"href":"https:\/\/sacramentoqr.com\/index.php?rest_route=%2Fwp%2Fv2%2Fcategories&post=24569"},{"taxonomy":"post_tag","embeddable":true,"href":"https:\/\/sacramentoqr.com\/index.php?rest_route=%2Fwp%2Fv2%2Ftags&post=24569"}],"curies":[{"name":"wp","href":"https:\/\/api.w.org\/{rel}","templated":true}]}}