{"id":24572,"date":"2024-08-21T11:01:14","date_gmt":"2024-08-21T16:01:14","guid":{"rendered":"https:\/\/sacramentoqr.com\/?p=24572"},"modified":"2024-08-21T16:01:15","modified_gmt":"2024-08-21T16:01:15","slug":"alex-padilla-ya-se-prepara-para-frenar-a-lewandowski-y-lamine-yamal","status":"publish","type":"post","link":"https:\/\/sacramentoqr.com\/?p=24572","title":{"rendered":"\u00c1lex Padilla ya se prepara para frenar a Lewandowski y Lamine Yamal"},"content":{"rendered":"<p>\ud83d\udd38 Todo hace indicar que internacional mexicano sub 23 ser\u00e1 otra vez titular con el Athletic el pr\u00f3ximo fin de semana esta vez ante&#8230; el Barcelona<\/p>\n<p>#DEPORTES | \u00c1lex Padilla asombr\u00f3 el pasado jueves 15 de agosto con su partidazo ante el Getafe. El guardameta hispano-mexicano no sinti\u00f3 los nervios de jugar en San Mam\u00e9s, en Primera divisi\u00f3n y por la ausencia de los dos primeros porteros, ambos lesionados. El internacional sub 23 mexicano recibi\u00f3 los elogios tanto de la prensa como de los aficionados por su tremendo nivel, siendo clave para que el equipo local no cayera derrotado.<\/p>\n<p>Tras este partido, Padilla se ha ganado el respeto de su afici\u00f3n y tambi\u00e9n la confianza de cara al duelo que llega este s\u00e1bado 24 de agosto, cuando el Athletic juega ante el Barcelona en Montj\u00fcic. Y es que es pr\u00e1cticamente seguro que Agirrezabala, el portero que supuestamente deber\u00eda haberse recuperado ya, no va a estar tampoco disponible para medirse al conjunto azulgrana, por lo que a Padilla le volver\u00e1 a tocar ser el guardameta titular.<\/p>\n<p>El internacional sub 23 con M\u00e9xico demostr\u00f3 su enorme calidad y el s\u00e1bado pasar\u00e1 una aut\u00e9ntica prueba de fuego ante rivales como Lewandowski, que viene de marcar dos goles, Lamine Yamal, Raphinha, Pedri, Ferr\u00e1n Torres o Ferm\u00edn.<\/p>\n<p>Un d\u00eda muy especial<br \/>\n\u00c1lex Padilla es consciente de que el duelo ante el Barcelona es especial, ya que el mundo entero va a estar pendiente de lo que haga. Una gran actuaci\u00f3n en casa de uno de los grandes de Europa puede significar un aut\u00e9ntico espaldarazo para el joven guardameta. Entre otros, tambi\u00e9n sabe que Javier Aguirre no quitar\u00e1 ojo del televisor para ver c\u00f3mo se desenvuelve en un partido de tal magnitud. Ser\u00e1, por tanto, un d\u00eda muy especial para \u00e9l.<\/p>\n","protected":false},"excerpt":{"rendered":"<p>\ud83d\udd38 Todo hace indicar que internacional mexicano sub 23 ser\u00e1 otra vez titular con el&#8230;<\/p>\n","protected":false},"author":1,"featured_media":24574,"comment_status":"open","ping_status":"closed","sticky":false,"template":"","format":"standard","meta":{"footnotes":""},"categories":[3],"tags":[],"class_list":["post-24572","post","type-post","status-publish","format-standard","has-post-thumbnail","hentry","category-deportes"],"_links":{"self":[{"href":"https:\/\/sacramentoqr.com\/index.php?rest_route=\/wp\/v2\/posts\/24572","targetHints":{"allow":["GET"]}}],"collection":[{"href":"https:\/\/sacramentoqr.com\/index.php?rest_route=\/wp\/v2\/posts"}],"about":[{"href":"https:\/\/sacramentoqr.com\/index.php?rest_route=\/wp\/v2\/types\/post"}],"author":[{"embeddable":true,"href":"https:\/\/sacramentoqr.com\/index.php?rest_route=\/wp\/v2\/users\/1"}],"replies":[{"embeddable":true,"href":"https:\/\/sacramentoqr.com\/index.php?rest_route=%2Fwp%2Fv2%2Fcomments&post=24572"}],"version-history":[{"count":1,"href":"https:\/\/sacramentoqr.com\/index.php?rest_route=\/wp\/v2\/posts\/24572\/revisions"}],"predecessor-version":[{"id":24573,"href":"https:\/\/sacramentoqr.com\/index.php?rest_route=\/wp\/v2\/posts\/24572\/revisions\/24573"}],"wp:featuredmedia":[{"embeddable":true,"href":"https:\/\/sacramentoqr.com\/index.php?rest_route=\/wp\/v2\/media\/24574"}],"wp:attachment":[{"href":"https:\/\/sacramentoqr.com\/index.php?rest_route=%2Fwp%2Fv2%2Fmedia&parent=24572"}],"wp:term":[{"taxonomy":"category","embeddable":true,"href":"https:\/\/sacramentoqr.com\/index.php?rest_route=%2Fwp%2Fv2%2Fcategories&post=24572"},{"taxonomy":"post_tag","embeddable":true,"href":"https:\/\/sacramentoqr.com\/index.php?rest_route=%2Fwp%2Fv2%2Ftags&post=24572"}],"curies":[{"name":"wp","href":"https:\/\/api.w.org\/{rel}","templated":true}]}}