{"id":24702,"date":"2024-08-24T20:18:30","date_gmt":"2024-08-25T01:18:30","guid":{"rendered":"https:\/\/sacramentoqr.com\/?p=24702"},"modified":"2024-08-25T01:18:31","modified_gmt":"2024-08-25T01:18:31","slug":"edson-alvarez-regresa-a-las-canchas-con-west-ham-tras-lesion-que-sufrio-con-el-tri","status":"publish","type":"post","link":"https:\/\/sacramentoqr.com\/?p=24702","title":{"rendered":"Edson \u00c1lvarez regresa a las canchas con West Ham tras lesi\u00f3n que sufri\u00f3 con el Tri"},"content":{"rendered":"<p>\ud83d\udd38El mexicano debut\u00f3 en la temporada 2024-2025 de la Premier League ante el Crystal Palace.<\/p>\n<p>#DEPORTES | Buenas noticias para el West Ham y la Selecci\u00f3n Mexicana: Edson \u00c1lvarez regres\u00f3 a las canchas dos meses despu\u00e9s de la lesi\u00f3n que sufri\u00f3 con el Tri que lo hizo perderse la Copa Am\u00e9rica 2024.<\/p>\n<p>El Mach\u00edn sufri\u00f3 un desgarre en la pierna izquierda el pasado 22 de junio en el partido entre M\u00e9xico y Jamaica y no hab\u00eda podido debutar en la temporada 2024-25.<\/p>\n<p>Edson \u00c1lvarez inici\u00f3 en la banca el duelo de la Jornada 2 de la Premier League ante el Crytal Palace, pero el t\u00e9cnico Julen Lopetegui lo ingres\u00f3 al minuto 78.<\/p>\n<p>Cuando el mexicano entr\u00f3 al campo, los Hammers ya ganaban el encuentro 0-2 con goles de Tom\u00e1s Soucek, a quien reemplaz\u00f3, y de Jarrod Bowen.<\/p>\n<p>Edson se reencontr\u00f3 en la cancha con Guido Rodr\u00edguez, con quien comparti\u00f3 vestuario en el Am\u00e9rica y form\u00f3 una gran amistad; incluso, le dio una c\u00e1lida bienvenida cuando el club londinense anunci\u00f3 su fichaje.<\/p>\n<p>De esta manera, el West Ham sum\u00f3 sus primeros tres puntos de la temporada luego de que la fecha pasada perdiera 1-2 contra el Aston Villa.<\/p>\n<p>Se espera que Edson poco a poco retome su ritmo y nivel que lo llev\u00f3 a ser uno de los mejores jugadores del West Ham en su primera temporada.<\/p>\n<p>El mexicano podr\u00eda volver a ver actividad este mi\u00e9rcoles 28 de agosto cuando los Hammers se enfrenten en la Segunda Ronda de la Carabao Cup al Bournemouth de su compatriota Juli\u00e1n Araujo.<\/p>\n","protected":false},"excerpt":{"rendered":"<p>\ud83d\udd38El mexicano debut\u00f3 en la temporada 2024-2025 de la Premier League ante el Crystal Palace&#8230;.<\/p>\n","protected":false},"author":1,"featured_media":24704,"comment_status":"open","ping_status":"closed","sticky":false,"template":"","format":"standard","meta":{"footnotes":""},"categories":[3],"tags":[],"class_list":["post-24702","post","type-post","status-publish","format-standard","has-post-thumbnail","hentry","category-deportes"],"_links":{"self":[{"href":"https:\/\/sacramentoqr.com\/index.php?rest_route=\/wp\/v2\/posts\/24702","targetHints":{"allow":["GET"]}}],"collection":[{"href":"https:\/\/sacramentoqr.com\/index.php?rest_route=\/wp\/v2\/posts"}],"about":[{"href":"https:\/\/sacramentoqr.com\/index.php?rest_route=\/wp\/v2\/types\/post"}],"author":[{"embeddable":true,"href":"https:\/\/sacramentoqr.com\/index.php?rest_route=\/wp\/v2\/users\/1"}],"replies":[{"embeddable":true,"href":"https:\/\/sacramentoqr.com\/index.php?rest_route=%2Fwp%2Fv2%2Fcomments&post=24702"}],"version-history":[{"count":1,"href":"https:\/\/sacramentoqr.com\/index.php?rest_route=\/wp\/v2\/posts\/24702\/revisions"}],"predecessor-version":[{"id":24703,"href":"https:\/\/sacramentoqr.com\/index.php?rest_route=\/wp\/v2\/posts\/24702\/revisions\/24703"}],"wp:featuredmedia":[{"embeddable":true,"href":"https:\/\/sacramentoqr.com\/index.php?rest_route=\/wp\/v2\/media\/24704"}],"wp:attachment":[{"href":"https:\/\/sacramentoqr.com\/index.php?rest_route=%2Fwp%2Fv2%2Fmedia&parent=24702"}],"wp:term":[{"taxonomy":"category","embeddable":true,"href":"https:\/\/sacramentoqr.com\/index.php?rest_route=%2Fwp%2Fv2%2Fcategories&post=24702"},{"taxonomy":"post_tag","embeddable":true,"href":"https:\/\/sacramentoqr.com\/index.php?rest_route=%2Fwp%2Fv2%2Ftags&post=24702"}],"curies":[{"name":"wp","href":"https:\/\/api.w.org\/{rel}","templated":true}]}}