{"id":24725,"date":"2024-08-26T10:35:28","date_gmt":"2024-08-26T15:35:28","guid":{"rendered":"https:\/\/sacramentoqr.com\/?p=24725"},"modified":"2024-08-26T15:35:29","modified_gmt":"2024-08-26T15:35:29","slug":"manuel-turizo-vivia-emociones-encontradas-en-el-regreso-a-clases","status":"publish","type":"post","link":"https:\/\/sacramentoqr.com\/?p=24725","title":{"rendered":"Manuel Turizo: \u201cViv\u00eda emociones encontradas en el regreso a clases\u201d"},"content":{"rendered":"<p>\ud83d\udd38El cantante recuerda con nostalgia su \u00e9poca de estudiante y destaca que su colaboraci\u00f3n con American Eagle para la que dise\u00f1\u00f3 y es imagen es otra forma de desarrollar su creatividad.<\/p>\n<p>#ESPECT\u00c1CULOS | Tras la sorpresa que dio a sus fans y a los transe\u00fantes, al caminar por el Centro Hist\u00f3rico hasta llegar a la sede de American Eagle en las calles de Madero; donde adem\u00e1s por unos minutos comparti\u00f3 detalles de la colecci\u00f3n Back To School de la que es imagen y correspondi\u00f3 a la petici\u00f3n de cantar, al interpretar unas estrofas de \u201cEnhorabuena\u201d; Manuel Turizo record\u00f3 su \u00e9poca de estudiante y la sensaci\u00f3n que ten\u00eda un d\u00eda antes de regresar a clases.<\/p>\n<p>\u201cSiempre hab\u00eda emociones, sentimientos encontrados, porque por un lado no quer\u00eda que las vacaciones terminar\u00e1n, pero por otro quer\u00eda volver a ver a mis amigos, ahora creo que es nostalgia\u201d, dijo el cantautor colombiano.<\/p>\n<p>Manuel ha mostrado su pasi\u00f3n por la moda, por lo que es com\u00fan su presencia en eventos como el Fashi\u00f3n Week, recientemente estuvo en el del Milan; y ahora en la colaboraci\u00f3n con American Eagle, adem\u00e1s de ser la imagen de la colecci\u00f3n Back To School, colabor\u00f3 en el dise\u00f1o de una \u2013tshirt)&#8211; de las 16 prendas \u2014 Jeans, camisas, tshirt, gorra, chamarra\u2013 que la integran.<\/p>\n<p>\u201cSon cosas que hacemos con mucha ilusi\u00f3n, queriendo abrir este nuevo camino de la moda, que es algo que me gusta, porque siento que cuando eres una persona que te gusta crear, o que tu cabeza est\u00e1 generando ideas, esa creatividad no se basa solo en una cosa (la m\u00fasica), es todo, es trabajar y entrenar tu cabeza para desarrollar ideas; por ejemplo, si tengo este vaso,&#8211; dijo al mostrar el vaso en el que beb\u00eda agua\u2013 pienso en la forma c\u00f3mo est\u00e1 y c\u00f3mo lo dise\u00f1ar\u00eda yo. Eso se transforma en un reto y a mi me gustan los retos\u201d.<\/p>\n<p>Sin embargo, asegur\u00f3 que su pasi\u00f3n por la moda, no har\u00e1 a un lado la m\u00fasica y que tampoco se ve encabezando una pasarela.<\/p>\n<p>\u201cTodo nace con la m\u00fasica y nunca va a cambiar, siempre el n\u00facleo de todo es la m\u00fasica, no quiere decir que el d\u00eda de ma\u00f1ana me vaya a retirar de la m\u00fasica por la moda. Eso nunca va a pasar, pero estoy agradecido de que marcas como American Eagle quieran trabajar con nosotros. Ellos me prestan una confianza grand\u00edsima al dejarme dise\u00f1ar una prenda, y lo agradezco porque me encanta crear, pero no estar en las pasarelas, ah\u00ed si me invitan solo voy a disfrutarlas\u201d.<br \/>\nEn la m\u00fasica se encuentra terminando su cuarto \u00e1lbum, en el que adelant\u00f3 que habr\u00e1 una variedad de sonidos.<\/p>\n<p>\u201cQuien me conoce sabe que me gusta hacer un salpic\u00f3n de muchos estilos y sonidos diferentes\u201d, por lo que detall\u00f3 que su tema \u201cEnhorabuena\u201d que ya se escucha, \u201ces uno de los sonidos que tendr\u00e1 el material, pero no es el \u00fanico\u201d.<\/p>\n<p>Respecto a su relaci\u00f3n sentimental y la posibilidad de casarse con su novia Joselina Sorza, fue muy contundente al responder que no es el momento, y que cuando tome esa decisi\u00f3n su vida cambiar\u00e1 totalmente.<\/p>\n<p>\u201cSoy de relaciones largas, llevo mucho tiempo con mi pareja, pero soy muy joven, tengo 24 a\u00f1os, me queda mucho tiempo para vivir mi juventud, para aprender, para crecer, para trabajar. Cuando tenga familia quiero que mi vida sea otra cosa; m\u00e1s tranquila, m\u00e1s para ellos, para hacerme responsable de mi casa\u201d.<\/p>\n","protected":false},"excerpt":{"rendered":"<p>\ud83d\udd38El cantante recuerda con nostalgia su \u00e9poca de estudiante y destaca que su colaboraci\u00f3n con&#8230;<\/p>\n","protected":false},"author":1,"featured_media":24727,"comment_status":"open","ping_status":"closed","sticky":false,"template":"","format":"standard","meta":{"footnotes":""},"categories":[4],"tags":[],"class_list":["post-24725","post","type-post","status-publish","format-standard","has-post-thumbnail","hentry","category-espectaculos"],"_links":{"self":[{"href":"https:\/\/sacramentoqr.com\/index.php?rest_route=\/wp\/v2\/posts\/24725","targetHints":{"allow":["GET"]}}],"collection":[{"href":"https:\/\/sacramentoqr.com\/index.php?rest_route=\/wp\/v2\/posts"}],"about":[{"href":"https:\/\/sacramentoqr.com\/index.php?rest_route=\/wp\/v2\/types\/post"}],"author":[{"embeddable":true,"href":"https:\/\/sacramentoqr.com\/index.php?rest_route=\/wp\/v2\/users\/1"}],"replies":[{"embeddable":true,"href":"https:\/\/sacramentoqr.com\/index.php?rest_route=%2Fwp%2Fv2%2Fcomments&post=24725"}],"version-history":[{"count":1,"href":"https:\/\/sacramentoqr.com\/index.php?rest_route=\/wp\/v2\/posts\/24725\/revisions"}],"predecessor-version":[{"id":24726,"href":"https:\/\/sacramentoqr.com\/index.php?rest_route=\/wp\/v2\/posts\/24725\/revisions\/24726"}],"wp:featuredmedia":[{"embeddable":true,"href":"https:\/\/sacramentoqr.com\/index.php?rest_route=\/wp\/v2\/media\/24727"}],"wp:attachment":[{"href":"https:\/\/sacramentoqr.com\/index.php?rest_route=%2Fwp%2Fv2%2Fmedia&parent=24725"}],"wp:term":[{"taxonomy":"category","embeddable":true,"href":"https:\/\/sacramentoqr.com\/index.php?rest_route=%2Fwp%2Fv2%2Fcategories&post=24725"},{"taxonomy":"post_tag","embeddable":true,"href":"https:\/\/sacramentoqr.com\/index.php?rest_route=%2Fwp%2Fv2%2Ftags&post=24725"}],"curies":[{"name":"wp","href":"https:\/\/api.w.org\/{rel}","templated":true}]}}