{"id":24770,"date":"2024-08-27T11:20:30","date_gmt":"2024-08-27T16:20:30","guid":{"rendered":"https:\/\/sacramentoqr.com\/?p=24770"},"modified":"2024-08-27T16:20:31","modified_gmt":"2024-08-27T16:20:31","slug":"zuckerberg-acusa-a-administracion-biden-de-presion-para-censurar-contenidos-sobre-el-covid-19","status":"publish","type":"post","link":"https:\/\/sacramentoqr.com\/?p=24770","title":{"rendered":"Zuckerberg acusa a administraci\u00f3n Biden de presi\u00f3n para censurar contenidos sobre el Covid-19"},"content":{"rendered":"<p>\ud83d\udd38 El director general de Meta Platforms dijo que altos cargos del Gobierno de Estados Unidos durante la Administraci\u00f3n Biden hab\u00edan presionado a su empresa de redes sociales para que censurara contenidos relacionados con el Covid-19 durante la pandemia y a\u00f1adi\u00f3 que se opondr\u00eda si esto volviera a ocurrir.<\/p>\n<p>#INTERNACIONAL El director general de Meta Platforms, Mark Zuckerberg, dijo que altos cargos del Gobierno de Estados Unidos durante la Administraci\u00f3n Biden hab\u00edan presionado a su empresa de redes sociales para que censurara contenidos relacionados con el Covid-19 durante la pandemia y a\u00f1adi\u00f3 que se opondr\u00eda si esto volviera a ocurrir.<\/p>\n<p>En una carta fechada el 26 de agosto, Zuckerberg dijo al Comit\u00e9 Judicial de la C\u00e1mara de Representantes de Estados Unidos que lamentaba no haber hablado antes sobre esta presi\u00f3n, as\u00ed como sobre algunas decisiones que el propietario de Facebook, Instagram y WhatsApp hab\u00eda tomado en torno a la eliminaci\u00f3n de ciertos contenidos.<\/p>\n<p>\u00abEn 2021, altos cargos de la Administraci\u00f3n Biden, incluida la Casa Blanca, presionaron repetidamente a nuestros equipos durante meses para que censuraran ciertos contenidos (relacionados con el) Covid-19, incluidos el humor y la s\u00e1tira, y expresaron mucha frustraci\u00f3n con nuestros equipos cuando no estuvimos de acuerdo\u00bb, escribi\u00f3 Zuckerberg en la carta, que fue publicada por el Comit\u00e9 Judicial en su p\u00e1gina de Facebook.<\/p>\n<p>Creo que la presi\u00f3n del Gobierno fue err\u00f3nea y lamento que no fu\u00e9ramos m\u00e1s francos al respecto\u00bb, escribi\u00f3. \u00abTambi\u00e9n creo que tomamos algunas decisiones que, con el beneficio de la retrospectiva y la nueva informaci\u00f3n, no tomar\u00edamos hoy\u00bb.<\/p>\n<p>La Casa Blanca y Meta no respondieron a una solicitud de comentarios fuera del horario laboral estadounidense.<\/p>\n<p>La carta iba dirigida a Jim Jordan, presidente del Comit\u00e9 y republicano. En su publicaci\u00f3n en Facebook, el Comit\u00e9 calific\u00f3 la carta de \u00abgran victoria para la libertad de expresi\u00f3n\u00bb y afirm\u00f3 que Zuckerberg hab\u00eda admitido que \u00abFacebook censuraba a los estadounidenses\u00bb.<\/p>\n<p>En la carta, Zuckerberg tambi\u00e9n dijo que no har\u00eda ninguna contribuci\u00f3n para apoyar la infraestructura electoral en las elecciones presidenciales de este a\u00f1o para \u00abno jugar un papel de una manera u otra\u00bb en la votaci\u00f3n de noviembre.<\/p>\n<p>Durante las \u00faltimas elecciones, que se celebraron en 2020 durante la pandemia, el multimillonario aport\u00f3 400 millones de d\u00f3lares a trav\u00e9s de Chan Zuckerberg Initiative, su empresa filantr\u00f3pica con su esposa, para apoyar la infraestructura electoral, una medida que suscit\u00f3 cr\u00edticas y demandas de algunos grupos que dijeron que la medida era partidista.<\/p>\n<p>&nbsp;<\/p>\n","protected":false},"excerpt":{"rendered":"<p>\ud83d\udd38 El director general de Meta Platforms dijo que altos cargos del Gobierno de Estados&#8230;<\/p>\n","protected":false},"author":1,"featured_media":24772,"comment_status":"open","ping_status":"closed","sticky":false,"template":"","format":"standard","meta":{"footnotes":""},"categories":[5],"tags":[],"class_list":["post-24770","post","type-post","status-publish","format-standard","has-post-thumbnail","hentry","category-internacional"],"_links":{"self":[{"href":"https:\/\/sacramentoqr.com\/index.php?rest_route=\/wp\/v2\/posts\/24770","targetHints":{"allow":["GET"]}}],"collection":[{"href":"https:\/\/sacramentoqr.com\/index.php?rest_route=\/wp\/v2\/posts"}],"about":[{"href":"https:\/\/sacramentoqr.com\/index.php?rest_route=\/wp\/v2\/types\/post"}],"author":[{"embeddable":true,"href":"https:\/\/sacramentoqr.com\/index.php?rest_route=\/wp\/v2\/users\/1"}],"replies":[{"embeddable":true,"href":"https:\/\/sacramentoqr.com\/index.php?rest_route=%2Fwp%2Fv2%2Fcomments&post=24770"}],"version-history":[{"count":1,"href":"https:\/\/sacramentoqr.com\/index.php?rest_route=\/wp\/v2\/posts\/24770\/revisions"}],"predecessor-version":[{"id":24771,"href":"https:\/\/sacramentoqr.com\/index.php?rest_route=\/wp\/v2\/posts\/24770\/revisions\/24771"}],"wp:featuredmedia":[{"embeddable":true,"href":"https:\/\/sacramentoqr.com\/index.php?rest_route=\/wp\/v2\/media\/24772"}],"wp:attachment":[{"href":"https:\/\/sacramentoqr.com\/index.php?rest_route=%2Fwp%2Fv2%2Fmedia&parent=24770"}],"wp:term":[{"taxonomy":"category","embeddable":true,"href":"https:\/\/sacramentoqr.com\/index.php?rest_route=%2Fwp%2Fv2%2Fcategories&post=24770"},{"taxonomy":"post_tag","embeddable":true,"href":"https:\/\/sacramentoqr.com\/index.php?rest_route=%2Fwp%2Fv2%2Ftags&post=24770"}],"curies":[{"name":"wp","href":"https:\/\/api.w.org\/{rel}","templated":true}]}}