{"id":24798,"date":"2024-08-28T11:26:06","date_gmt":"2024-08-28T16:26:06","guid":{"rendered":"https:\/\/sacramentoqr.com\/?p=24798"},"modified":"2024-08-28T16:26:07","modified_gmt":"2024-08-28T16:26:07","slug":"apple-anuncia-la-fecha-de-lanzamiento-del-nuevo-iphone-16","status":"publish","type":"post","link":"https:\/\/sacramentoqr.com\/?p=24798","title":{"rendered":"Apple anuncia la fecha de lanzamiento del nuevo iPhone 16"},"content":{"rendered":"<p>\ud83d\udd38 La compa\u00f1\u00eda confirma el lanzamiento del nuevo dispositivo para septiembre, con inteligencia artificial como protagonista y cambios en el dise\u00f1o<\/p>\n<p>&nbsp;<\/p>\n<p>El nuevo iPhone 16 ya tiene fecha de lanzamiento luego de varios meses de rumores y tal como ha sido en ediciones pasadas, el mes de septiembre ha sido el elegido para lanzar la nueva generaci\u00f3n de tel\u00e9fonos de Apple.<\/p>\n<p>El Apple iPhone 16 tendr\u00e1 la gran novedad del uso de la inteligencia artificial, aunque se espera que el total potencial de esta capacidad no llegue hasta dentro de unos meses despu\u00e9s del lanzamiento del m\u00e1s reciente smartphone de la compa\u00f1\u00eda creada por el fallecido Steve Jobs.<\/p>\n<p>A trav\u00e9s de un correo enviado a los usuarios de los dispositivos Apple, la empresa dirigida por Tim Cook dio a conocer la fecha que tambi\u00e9n ser\u00e1 el lanzamiento oficial de iOS 18, el m\u00e1s reciente sistema operativo para los iPhones.<\/p>\n<p>La imagen que presenta hace recordar a Siri, el asistente de voz de Apple, que ahora ser\u00e1 potenciado por inteligencia artificial desde los nuevos modelos, pero que tambi\u00e9n llegar\u00e1 a algunas generaciones anteriores del iPhone.<\/p>\n<p>Hasta ahora se han filtrado im\u00e1genes del iPhone 16 donde los principales cambios radican en la ubicaci\u00f3n y forma de los m\u00f3dulos de las c\u00e1maras. Tambi\u00e9n se distinguen diferentes tama\u00f1os de pantalla para cada uno de los modelos. Durante las \u00faltimas generaciones el iPhone y el iPhone Pro hab\u00edan mantenido el mismo tama\u00f1o de pantalla, mientras que el Plus y Pro Max tambi\u00e9n. Ahora, cada uno tendr\u00e1 sus propias dimensiones.<\/p>\n<p>\u00bfCu\u00e1ndo y a qu\u00e9 hora se presentar\u00e1 el Apple iPhone 16 en M\u00e9xico?<br \/>\nA trav\u00e9s de un correo electr\u00f3nico, Apple inform\u00f3 que el iPhone 16 ser\u00e1 mostrado al p\u00fablico el pr\u00f3ximo lunes 9 de septiembre de 2024 a las 11 de la ma\u00f1ana tiempo del Centro de M\u00e9xico.<\/p>\n<p>La transmisi\u00f3n se podr\u00e1 observar como cada a\u00f1o a trav\u00e9s del canal oficial de YouTube de Apple adem\u00e1s de diversas redes sociales.<\/p>\n<p>Ese mismo d\u00eda se dar\u00e1 a conocer la fecha de venta en M\u00e9xico del nuevo iPhone 16.<\/p>\n","protected":false},"excerpt":{"rendered":"<p>\ud83d\udd38 La compa\u00f1\u00eda confirma el lanzamiento del nuevo dispositivo para septiembre, con inteligencia artificial como&#8230;<\/p>\n","protected":false},"author":1,"featured_media":24800,"comment_status":"open","ping_status":"closed","sticky":false,"template":"","format":"standard","meta":{"footnotes":""},"categories":[12],"tags":[],"class_list":["post-24798","post","type-post","status-publish","format-standard","has-post-thumbnail","hentry","category-tecnologia"],"_links":{"self":[{"href":"https:\/\/sacramentoqr.com\/index.php?rest_route=\/wp\/v2\/posts\/24798","targetHints":{"allow":["GET"]}}],"collection":[{"href":"https:\/\/sacramentoqr.com\/index.php?rest_route=\/wp\/v2\/posts"}],"about":[{"href":"https:\/\/sacramentoqr.com\/index.php?rest_route=\/wp\/v2\/types\/post"}],"author":[{"embeddable":true,"href":"https:\/\/sacramentoqr.com\/index.php?rest_route=\/wp\/v2\/users\/1"}],"replies":[{"embeddable":true,"href":"https:\/\/sacramentoqr.com\/index.php?rest_route=%2Fwp%2Fv2%2Fcomments&post=24798"}],"version-history":[{"count":1,"href":"https:\/\/sacramentoqr.com\/index.php?rest_route=\/wp\/v2\/posts\/24798\/revisions"}],"predecessor-version":[{"id":24799,"href":"https:\/\/sacramentoqr.com\/index.php?rest_route=\/wp\/v2\/posts\/24798\/revisions\/24799"}],"wp:featuredmedia":[{"embeddable":true,"href":"https:\/\/sacramentoqr.com\/index.php?rest_route=\/wp\/v2\/media\/24800"}],"wp:attachment":[{"href":"https:\/\/sacramentoqr.com\/index.php?rest_route=%2Fwp%2Fv2%2Fmedia&parent=24798"}],"wp:term":[{"taxonomy":"category","embeddable":true,"href":"https:\/\/sacramentoqr.com\/index.php?rest_route=%2Fwp%2Fv2%2Fcategories&post=24798"},{"taxonomy":"post_tag","embeddable":true,"href":"https:\/\/sacramentoqr.com\/index.php?rest_route=%2Fwp%2Fv2%2Ftags&post=24798"}],"curies":[{"name":"wp","href":"https:\/\/api.w.org\/{rel}","templated":true}]}}