{"id":24902,"date":"2024-09-03T12:29:54","date_gmt":"2024-09-03T17:29:54","guid":{"rendered":"https:\/\/sacramentoqr.com\/?p=24902"},"modified":"2024-09-03T17:29:56","modified_gmt":"2024-09-03T17:29:56","slug":"mercado-laboral-suma-1-3-millones-de-empleos-informalidad-con-el-mayor-impulso","status":"publish","type":"post","link":"https:\/\/sacramentoqr.com\/?p=24902","title":{"rendered":"Mercado laboral suma 1.3 millones de empleos, informalidad con el mayor impulso"},"content":{"rendered":"<p>\ud83d\udd38 En el inicio del segundo semestre del a\u00f1o, el mercado de trabajo recuper\u00f3 su ritmo de creaci\u00f3n de puestos laborales, aunque ocho de cada 10 ocupaciones creadas fueron informales.<\/p>\n<p>Luego de que el primer semestre del a\u00f1o cerrara con una p\u00e9rdida importante de puestos de trabajo, en julio el mercado laboral recuper\u00f3 su ritmo de creaci\u00f3n de empleo y sum\u00f3 a 1.3 millones de personas a la poblaci\u00f3n ocupada, de acuerdo con la Encuesta Nacional de Ocupaci\u00f3n y Empleo (ENOE).<\/p>\n<p>En el inicio del segundo semestre del a\u00f1o, la poblaci\u00f3n ocupada lleg\u00f3 a 60.3 millones de personas, lo que representa una generaci\u00f3n acumulada de 1.1 mill\u00f3n de puestos de trabajo en lo que va del a\u00f1o.<\/p>\n<p>El ritmo de creaci\u00f3n de puestos de trabajo estuvo acompa\u00f1ado de un ligero crecimiento mensual en la tasa de desempleo, la cual pas\u00f3 de 2.8 a 2.9%, y con ello retorn\u00f3 al nivel observado en el arranque del 2024.<\/p>\n<p>El aumento de la poblaci\u00f3n desocupada y de los \u201cdisponibles\u201d de la Poblaci\u00f3n No Econ\u00f3micamente Activa (PNEA) gener\u00f3 un incremento mensual de 0.4 punto porcentual en la tasa de desempleo extendido, la cual se ubic\u00f3 en 10.6%, su cifra m\u00e1s alta desde noviembre del 2023.<\/p>\n<p>En julio, el alza en el empleo estuvo vinculada a la informalidad. La econom\u00eda informal fue responsable del 83% de los puestos laborales creados. El trabajo formal s\u00f3lo creci\u00f3 en 226,724 plazas.<\/p>\n<p>Como resultado de esto, la tasa de informalidad tuvo un repunte al pasar de 53.8 a 54.5%, un nivel superior a lo observado en el inicio del 2024, cuando el indicador descendi\u00f3 a su cifra m\u00e1s baja de la historia.<\/p>\n","protected":false},"excerpt":{"rendered":"<p>\ud83d\udd38 En el inicio del segundo semestre del a\u00f1o, el mercado de trabajo recuper\u00f3 su&#8230;<\/p>\n","protected":false},"author":1,"featured_media":24904,"comment_status":"open","ping_status":"closed","sticky":false,"template":"","format":"standard","meta":{"footnotes":""},"categories":[7],"tags":[],"class_list":["post-24902","post","type-post","status-publish","format-standard","has-post-thumbnail","hentry","category-nacional"],"_links":{"self":[{"href":"https:\/\/sacramentoqr.com\/index.php?rest_route=\/wp\/v2\/posts\/24902","targetHints":{"allow":["GET"]}}],"collection":[{"href":"https:\/\/sacramentoqr.com\/index.php?rest_route=\/wp\/v2\/posts"}],"about":[{"href":"https:\/\/sacramentoqr.com\/index.php?rest_route=\/wp\/v2\/types\/post"}],"author":[{"embeddable":true,"href":"https:\/\/sacramentoqr.com\/index.php?rest_route=\/wp\/v2\/users\/1"}],"replies":[{"embeddable":true,"href":"https:\/\/sacramentoqr.com\/index.php?rest_route=%2Fwp%2Fv2%2Fcomments&post=24902"}],"version-history":[{"count":1,"href":"https:\/\/sacramentoqr.com\/index.php?rest_route=\/wp\/v2\/posts\/24902\/revisions"}],"predecessor-version":[{"id":24903,"href":"https:\/\/sacramentoqr.com\/index.php?rest_route=\/wp\/v2\/posts\/24902\/revisions\/24903"}],"wp:featuredmedia":[{"embeddable":true,"href":"https:\/\/sacramentoqr.com\/index.php?rest_route=\/wp\/v2\/media\/24904"}],"wp:attachment":[{"href":"https:\/\/sacramentoqr.com\/index.php?rest_route=%2Fwp%2Fv2%2Fmedia&parent=24902"}],"wp:term":[{"taxonomy":"category","embeddable":true,"href":"https:\/\/sacramentoqr.com\/index.php?rest_route=%2Fwp%2Fv2%2Fcategories&post=24902"},{"taxonomy":"post_tag","embeddable":true,"href":"https:\/\/sacramentoqr.com\/index.php?rest_route=%2Fwp%2Fv2%2Ftags&post=24902"}],"curies":[{"name":"wp","href":"https:\/\/api.w.org\/{rel}","templated":true}]}}