{"id":24914,"date":"2024-09-04T10:51:02","date_gmt":"2024-09-04T15:51:02","guid":{"rendered":"https:\/\/sacramentoqr.com\/?p=24914"},"modified":"2024-09-04T15:51:04","modified_gmt":"2024-09-04T15:51:04","slug":"ataque-en-panteon-de-celaya-deja-un-muerto","status":"publish","type":"post","link":"https:\/\/sacramentoqr.com\/?p=24914","title":{"rendered":"Ataque en pante\u00f3n de Celaya deja un muerto"},"content":{"rendered":"<p>\ud83d\udd38 Un hombre perdi\u00f3 la vida y otro result\u00f3 gravemente herido durante un sepelio, lo que provoc\u00f3 la movilizaci\u00f3n de fuerzas de seguridad en el lugar.<\/p>\n<p>#NACIONAL. Un hombre muri\u00f3, producto de un ataque armado al interior de un pante\u00f3n en Celaya, Guanajuato.<\/p>\n<p>Los hechos ocurrieron la tarde del 3 de septiembre, en un cementerio al sur de la ciudad.<\/p>\n<p>La agresi\u00f3n armada se llev\u00f3 a cabo durante un sepelio. Dos de los asistentes recibieron varios impactos por arma de fuego.<\/p>\n<p>Una de las v\u00edctimas muri\u00f3, en tanto que un segundo hombre se reporta en estado grave.<\/p>\n<p>Miembros del Ej\u00e9rcito y la Guardia Nacional llegaron al pante\u00f3n para resguardar la escena del ataque.<\/p>\n<p>El cementerio no pudo ser cerrado al p\u00fablico debido a los funerales ya programados.<\/p>\n","protected":false},"excerpt":{"rendered":"<p>\ud83d\udd38 Un hombre perdi\u00f3 la vida y otro result\u00f3 gravemente herido durante un sepelio, lo&#8230;<\/p>\n","protected":false},"author":1,"featured_media":24916,"comment_status":"open","ping_status":"closed","sticky":false,"template":"","format":"standard","meta":{"footnotes":""},"categories":[7],"tags":[],"class_list":["post-24914","post","type-post","status-publish","format-standard","has-post-thumbnail","hentry","category-nacional"],"_links":{"self":[{"href":"https:\/\/sacramentoqr.com\/index.php?rest_route=\/wp\/v2\/posts\/24914","targetHints":{"allow":["GET"]}}],"collection":[{"href":"https:\/\/sacramentoqr.com\/index.php?rest_route=\/wp\/v2\/posts"}],"about":[{"href":"https:\/\/sacramentoqr.com\/index.php?rest_route=\/wp\/v2\/types\/post"}],"author":[{"embeddable":true,"href":"https:\/\/sacramentoqr.com\/index.php?rest_route=\/wp\/v2\/users\/1"}],"replies":[{"embeddable":true,"href":"https:\/\/sacramentoqr.com\/index.php?rest_route=%2Fwp%2Fv2%2Fcomments&post=24914"}],"version-history":[{"count":1,"href":"https:\/\/sacramentoqr.com\/index.php?rest_route=\/wp\/v2\/posts\/24914\/revisions"}],"predecessor-version":[{"id":24915,"href":"https:\/\/sacramentoqr.com\/index.php?rest_route=\/wp\/v2\/posts\/24914\/revisions\/24915"}],"wp:featuredmedia":[{"embeddable":true,"href":"https:\/\/sacramentoqr.com\/index.php?rest_route=\/wp\/v2\/media\/24916"}],"wp:attachment":[{"href":"https:\/\/sacramentoqr.com\/index.php?rest_route=%2Fwp%2Fv2%2Fmedia&parent=24914"}],"wp:term":[{"taxonomy":"category","embeddable":true,"href":"https:\/\/sacramentoqr.com\/index.php?rest_route=%2Fwp%2Fv2%2Fcategories&post=24914"},{"taxonomy":"post_tag","embeddable":true,"href":"https:\/\/sacramentoqr.com\/index.php?rest_route=%2Fwp%2Fv2%2Ftags&post=24914"}],"curies":[{"name":"wp","href":"https:\/\/api.w.org\/{rel}","templated":true}]}}