{"id":24917,"date":"2024-09-04T11:02:17","date_gmt":"2024-09-04T16:02:17","guid":{"rendered":"https:\/\/sacramentoqr.com\/?p=24917"},"modified":"2024-09-04T16:02:19","modified_gmt":"2024-09-04T16:02:19","slug":"shakira-afirma-que-pacto-con-la-hacienda-espanola-para-proteger-a-sus-hijos","status":"publish","type":"post","link":"https:\/\/sacramentoqr.com\/?p=24917","title":{"rendered":"Shakira afirma que pact\u00f3 con la Hacienda espa\u00f1ola para \u201cproteger\u201d a sus hijos"},"content":{"rendered":"<p>\ud83d\udd38 En una carta abierta, denuncia manipulaci\u00f3n, prejuicio machista y revela su deseo de contar su propia verdad tras a\u00f1os de conflicto por fraude fiscal.<\/p>\n<p>La cantante Shakira asever\u00f3 que pact\u00f3 con la Hacienda espa\u00f1ola para \u201cproteger\u201d a sus hijos.<\/p>\n<p>La colombiana mantuvo durante a\u00f1os una disputa con dicha autoridad en Espa\u00f1a, que la acusaba de cometer un fraude de 14.5 millones de euros durante los a\u00f1os que residi\u00f3 en el pa\u00eds.<\/p>\n<p>Con el acuerdo al que lleg\u00f3 en mayo de este a\u00f1o quedaron zanjadas las causas penales que ten\u00eda abiertas en Espa\u00f1a por fraude fiscal: la primera de ellas deriv\u00f3 en un juicio en el que, el pasado mes de noviembre, la artista acept\u00f3 el pago de una multa de 7.8 millones de euros (8.3 millones de d\u00f3lares) en un pacto con la Fiscal\u00eda y la Agencia Tributaria que le evit\u00f3 el ingreso en prisi\u00f3n, tras asumir que defraud\u00f3 14.5 millones de euros (15.5 millones de d\u00f3lares) entre los a\u00f1os 2012 y 2014.<\/p>\n<p>En una carta que este mi\u00e9rcoles public\u00f3 en el diario espa\u00f1ol El Mundo, la cantante, que tuvo una relaci\u00f3n de pareja con el futbolista del Barcelona Gerard Piqu\u00e9 con el que tiene dos hijos, consider\u00f3 que ya es hora de romper su silencio, sobre todo por sus hijos.<\/p>\n<p>\u201cNecesito que sepan que tom\u00e9 las decisiones que tom\u00e9 para protegerles, para estar a su lado y seguir con mi vida. No por cobard\u00eda ni por culpabilidad\u201d, escribi\u00f3.<\/p>\n<p>\u201cDesde el principio supe que el artificioso relato de la Agencia Tributaria (espa\u00f1ola) confund\u00eda y manipulaba dos intenciones completamente diferentes: una era el deseo de establecerse en un pa\u00eds y otra, muy distinta, el deseo de que prosperara una relaci\u00f3n que se desarrollaba en ese pa\u00eds. Cambiaban lo uno por lo otro para convertirme as\u00ed en residente fiscal desde 2011 y crear unas obligaciones que no exist\u00edan\u201d, explic\u00f3 la cantante en su misiva.<\/p>\n<p>Shakira justific\u00f3 sus viajes y estancias en Espa\u00f1a porque \u201cdeseaba que prosperara\u201d su relaci\u00f3n con el futbolista, pese a que estaba lejos de su actividad laboral. \u201cSiempre que regresaba, lo hac\u00eda para que prosperara esa relaci\u00f3n, no por \u2018vocaci\u00f3n de permanencia&#8217;\u201d, afirma.<\/p>\n<p>Adem\u00e1s, consider\u00f3 que en su caso subyace un prejuicio machista. \u201cSi el cantante hubiera sido un hombre estadounidense, se hubiera enamorado de una espa\u00f1ola y la visitara regularmente, me cuesta creer que la Agencia Tributaria hubiera considerado que ten\u00eda una intenci\u00f3n de arraigo\u201d.<\/p>\n<p>La cantante, que en la actualidad reside en Miami (EEUU), insisti\u00f3: \u201cyo cumpl\u00ed siempre con mis obligaciones. Mis finanzas fueron investigadas por instituciones tan poco sospechosas como la Casa Blanca o el IRS (Servivio de Impuestos Internos de EE.UU.) y aprobadas por otros pa\u00edses de la Uni\u00f3n Europea, y en todo ese tiempo nunca encontraron ni la menor se\u00f1a de ilegalidad\u201d.<\/p>\n<p>La colombiana subray\u00f3 que la Agencia Tributaria \u201cno trata de castigar a quien no cumple, sino de mostrar trofeos de caza para reconstruir una credibilidad en entredicho\u201d, e insiste en que el Estado espa\u00f1ol se qued\u00f3 con una suma superior a sus ganancias durante una d\u00e9cada.<\/p>\n<p>Adem\u00e1s de por sus hijos, el segundo motivo que argument\u00f3 para publicar la carta es la necesidad de escribir su propia historia, y rememorando a su compatriota Gabriel Garc\u00eda M\u00e1rquez, que titul\u00f3 sus memorias \u2018Vivir para contarla\u2019, subray\u00f3: \u201cyo \u2018la cuento para vivir\u2019, para poder recuperar mi vida, para que nadie escriba mi relato por m\u00ed. Igual que con mis canciones, canto para volver a vivir tranquila, para pasar p\u00e1gina\u201d.<\/p>\n<p>Y concluy\u00f3 Shakira: \u201cen este peque\u00f1o art\u00edculo hay m\u00e1s verdad sobre m\u00ed que en todo lo que se public\u00f3 en 2023\u201d.<\/p>\n","protected":false},"excerpt":{"rendered":"<p>\ud83d\udd38 En una carta abierta, denuncia manipulaci\u00f3n, prejuicio machista y revela su deseo de contar&#8230;<\/p>\n","protected":false},"author":1,"featured_media":24919,"comment_status":"open","ping_status":"closed","sticky":false,"template":"","format":"standard","meta":{"footnotes":""},"categories":[4],"tags":[],"class_list":["post-24917","post","type-post","status-publish","format-standard","has-post-thumbnail","hentry","category-espectaculos"],"_links":{"self":[{"href":"https:\/\/sacramentoqr.com\/index.php?rest_route=\/wp\/v2\/posts\/24917","targetHints":{"allow":["GET"]}}],"collection":[{"href":"https:\/\/sacramentoqr.com\/index.php?rest_route=\/wp\/v2\/posts"}],"about":[{"href":"https:\/\/sacramentoqr.com\/index.php?rest_route=\/wp\/v2\/types\/post"}],"author":[{"embeddable":true,"href":"https:\/\/sacramentoqr.com\/index.php?rest_route=\/wp\/v2\/users\/1"}],"replies":[{"embeddable":true,"href":"https:\/\/sacramentoqr.com\/index.php?rest_route=%2Fwp%2Fv2%2Fcomments&post=24917"}],"version-history":[{"count":1,"href":"https:\/\/sacramentoqr.com\/index.php?rest_route=\/wp\/v2\/posts\/24917\/revisions"}],"predecessor-version":[{"id":24918,"href":"https:\/\/sacramentoqr.com\/index.php?rest_route=\/wp\/v2\/posts\/24917\/revisions\/24918"}],"wp:featuredmedia":[{"embeddable":true,"href":"https:\/\/sacramentoqr.com\/index.php?rest_route=\/wp\/v2\/media\/24919"}],"wp:attachment":[{"href":"https:\/\/sacramentoqr.com\/index.php?rest_route=%2Fwp%2Fv2%2Fmedia&parent=24917"}],"wp:term":[{"taxonomy":"category","embeddable":true,"href":"https:\/\/sacramentoqr.com\/index.php?rest_route=%2Fwp%2Fv2%2Fcategories&post=24917"},{"taxonomy":"post_tag","embeddable":true,"href":"https:\/\/sacramentoqr.com\/index.php?rest_route=%2Fwp%2Fv2%2Ftags&post=24917"}],"curies":[{"name":"wp","href":"https:\/\/api.w.org\/{rel}","templated":true}]}}