{"id":24950,"date":"2024-09-05T11:38:28","date_gmt":"2024-09-05T16:38:28","guid":{"rendered":"https:\/\/sacramentoqr.com\/?p=24950"},"modified":"2024-09-05T16:38:29","modified_gmt":"2024-09-05T16:38:29","slug":"adrian-marcelo-realiza-transmision-en-youtube-tras-salir-de-reality-show-presume-aumento-de-seguidores","status":"publish","type":"post","link":"https:\/\/sacramentoqr.com\/?p=24950","title":{"rendered":"Adri\u00e1n Marcelo realiza transmisi\u00f3n en Youtube tras salir de reality show; presume aumento de seguidores"},"content":{"rendered":"<p>\ud83d\udd38 Sin ofrecer explicaciones directas, el generador de contenido evidenci\u00f3 un crecimiento notable en su n\u00famero de suscriptores, lo que refleja su creciente popularidad.<\/p>\n<p>#ESPECT\u00c1CULOS. Tras la salida de Adri\u00e1n Marcelo del reality show en el que participaba, muchos internautas se mantuvieron a la expectativa sobre alguna declaraci\u00f3n del conductor y aunque no ha salido a hablar directamente, aprovechando su canal de YouTube, el comediante apareci\u00f3.<br \/>\nLa transmisi\u00f3n que realiz\u00f3 en su canal de YouTube, hizo que la pol\u00e9mica en torno a su salida y los comentarios que hizo dentro del reality aumentara.<\/p>\n<p>La transmisi\u00f3n de Adri\u00e1n Marcelo<\/p>\n<p>A unas horas de su salida del reality show, Adri\u00e1n Marcelo ha tenido un crecimiento en sus redes sociales. Los fan\u00e1ticos, que aguardaban una explicaci\u00f3n sobre su partida, se vieron sorprendidos cuando el comediante decidi\u00f3 realizar una transmisi\u00f3n en vivo por YouTube, aunque sin dirigirse directamente a ellos.<br \/>\nEn esta transmisi\u00f3n, que dur\u00f3 poco m\u00e1s de una hora, Adri\u00e1n Marcelo no apareci\u00f3 en c\u00e1mara ni ofreci\u00f3 ninguna declaraci\u00f3n. A pesar de ello, el conductor mostr\u00f3 en la pantalla su n\u00famero de seguidores, el cual iba aumentando mientras se transmit\u00eda su en vivo.<\/p>\n<p>Al inicio de la transmisi\u00f3n, su canal contaba con 2.2 millones de suscriptores, pero en cuesti\u00f3n de una hora y seis minutos, ese n\u00famero se elev\u00f3 a 2 millones 884 mil 947 suscriptores.<\/p>\n<p>Los fan\u00e1ticos de Adri\u00e1n Marcelo no tardaron en expresar su respaldo. Aunque no hubo ninguna declaraci\u00f3n por parte del comediante, los comentarios de apoyo inundaron la transmisi\u00f3n, mostrando la lealtad de sus fans.<\/p>\n<p>A\u00fan sin pronunciarse sobre los motivos de su salida del programa, Adri\u00e1n Marcelo sigue acumulando apoyo en sus plataformas digitales, y el crecimiento de su n\u00famero de suscriptores en YouTube es una clara se\u00f1al de que su popularidad sigue en aumento.<\/p>\n<p>La salida de Adri\u00e1n Marcelo del reality show<br \/>\nSu decisi\u00f3n de abandonar el programa, que ocurri\u00f3 tras un tenso enfrentamiento en vivo con Gala Montes, puso fin a su participaci\u00f3n en el exitoso show.<\/p>\n<p>La producci\u00f3n del programa inform\u00f3 su salida e instruy\u00f3 a los dem\u00e1s concursantes a recolectar sus pertenencias. Esto gener\u00f3 a\u00fan m\u00e1s especulaci\u00f3n entre los fan\u00e1ticos del reality, quienes esperaban ansiosos ver alguna despedida por parte del influencer hacia sus compa\u00f1eros.<\/p>\n","protected":false},"excerpt":{"rendered":"<p>\ud83d\udd38 Sin ofrecer explicaciones directas, el generador de contenido evidenci\u00f3 un crecimiento notable en su&#8230;<\/p>\n","protected":false},"author":1,"featured_media":24952,"comment_status":"open","ping_status":"closed","sticky":false,"template":"","format":"standard","meta":{"footnotes":""},"categories":[4],"tags":[],"class_list":["post-24950","post","type-post","status-publish","format-standard","has-post-thumbnail","hentry","category-espectaculos"],"_links":{"self":[{"href":"https:\/\/sacramentoqr.com\/index.php?rest_route=\/wp\/v2\/posts\/24950","targetHints":{"allow":["GET"]}}],"collection":[{"href":"https:\/\/sacramentoqr.com\/index.php?rest_route=\/wp\/v2\/posts"}],"about":[{"href":"https:\/\/sacramentoqr.com\/index.php?rest_route=\/wp\/v2\/types\/post"}],"author":[{"embeddable":true,"href":"https:\/\/sacramentoqr.com\/index.php?rest_route=\/wp\/v2\/users\/1"}],"replies":[{"embeddable":true,"href":"https:\/\/sacramentoqr.com\/index.php?rest_route=%2Fwp%2Fv2%2Fcomments&post=24950"}],"version-history":[{"count":1,"href":"https:\/\/sacramentoqr.com\/index.php?rest_route=\/wp\/v2\/posts\/24950\/revisions"}],"predecessor-version":[{"id":24951,"href":"https:\/\/sacramentoqr.com\/index.php?rest_route=\/wp\/v2\/posts\/24950\/revisions\/24951"}],"wp:featuredmedia":[{"embeddable":true,"href":"https:\/\/sacramentoqr.com\/index.php?rest_route=\/wp\/v2\/media\/24952"}],"wp:attachment":[{"href":"https:\/\/sacramentoqr.com\/index.php?rest_route=%2Fwp%2Fv2%2Fmedia&parent=24950"}],"wp:term":[{"taxonomy":"category","embeddable":true,"href":"https:\/\/sacramentoqr.com\/index.php?rest_route=%2Fwp%2Fv2%2Fcategories&post=24950"},{"taxonomy":"post_tag","embeddable":true,"href":"https:\/\/sacramentoqr.com\/index.php?rest_route=%2Fwp%2Fv2%2Ftags&post=24950"}],"curies":[{"name":"wp","href":"https:\/\/api.w.org\/{rel}","templated":true}]}}