{"id":24953,"date":"2024-09-05T11:42:25","date_gmt":"2024-09-05T16:42:25","guid":{"rendered":"https:\/\/sacramentoqr.com\/?p=24953"},"modified":"2024-09-05T16:42:26","modified_gmt":"2024-09-05T16:42:26","slug":"alejandro-armenta-visita-alemania-junto-con-el-gobernador-del-estado","status":"publish","type":"post","link":"https:\/\/sacramentoqr.com\/?p=24953","title":{"rendered":"Alejandro Armenta visita Alemania, junto con el gobernador del Estado"},"content":{"rendered":"<p>\ud83d\udd38El objetivo principal de la gira es fortalecer la cooperaci\u00f3n entre ambos territorios.<\/p>\n<p>#ALEMANIA El gobernador electo de Puebla, Alejandro Armenta, en compa\u00f1\u00eda del mandatario Sergio Salom\u00f3n C\u00e9spedes Peregrina, y Pepe Chedraui, presidente municipal de Puebla capital, iniciaron una significativa visita a este pa\u00eds europeo con el objetivo de fortalecer la cooperaci\u00f3n entre ambos territorios.<\/p>\n<p>Durante su estancia en el Centro Educativo Volkshochschule Friedrichshain-Kreuzberg VHS, se rindi\u00f3 un homenaje al diplom\u00e1tico poblano Don Gilberto Bosques, quien dej\u00f3 una huella imborrable en la defensa de los derechos humanos durante la Segunda Guerra Mundial.<\/p>\n<p>La visita no s\u00f3lo busca estrechar los lazos culturales y econ\u00f3micos, sino tambi\u00e9n mantener viva la memoria de quienes han contribuido al entendimiento y solidaridad internacional.<\/p>\n","protected":false},"excerpt":{"rendered":"<p>\ud83d\udd38El objetivo principal de la gira es fortalecer la cooperaci\u00f3n entre ambos territorios. #ALEMANIA El&#8230;<\/p>\n","protected":false},"author":1,"featured_media":24955,"comment_status":"open","ping_status":"closed","sticky":false,"template":"","format":"standard","meta":{"footnotes":""},"categories":[20],"tags":[],"class_list":["post-24953","post","type-post","status-publish","format-standard","has-post-thumbnail","hentry","category-puebla"],"_links":{"self":[{"href":"https:\/\/sacramentoqr.com\/index.php?rest_route=\/wp\/v2\/posts\/24953","targetHints":{"allow":["GET"]}}],"collection":[{"href":"https:\/\/sacramentoqr.com\/index.php?rest_route=\/wp\/v2\/posts"}],"about":[{"href":"https:\/\/sacramentoqr.com\/index.php?rest_route=\/wp\/v2\/types\/post"}],"author":[{"embeddable":true,"href":"https:\/\/sacramentoqr.com\/index.php?rest_route=\/wp\/v2\/users\/1"}],"replies":[{"embeddable":true,"href":"https:\/\/sacramentoqr.com\/index.php?rest_route=%2Fwp%2Fv2%2Fcomments&post=24953"}],"version-history":[{"count":1,"href":"https:\/\/sacramentoqr.com\/index.php?rest_route=\/wp\/v2\/posts\/24953\/revisions"}],"predecessor-version":[{"id":24954,"href":"https:\/\/sacramentoqr.com\/index.php?rest_route=\/wp\/v2\/posts\/24953\/revisions\/24954"}],"wp:featuredmedia":[{"embeddable":true,"href":"https:\/\/sacramentoqr.com\/index.php?rest_route=\/wp\/v2\/media\/24955"}],"wp:attachment":[{"href":"https:\/\/sacramentoqr.com\/index.php?rest_route=%2Fwp%2Fv2%2Fmedia&parent=24953"}],"wp:term":[{"taxonomy":"category","embeddable":true,"href":"https:\/\/sacramentoqr.com\/index.php?rest_route=%2Fwp%2Fv2%2Fcategories&post=24953"},{"taxonomy":"post_tag","embeddable":true,"href":"https:\/\/sacramentoqr.com\/index.php?rest_route=%2Fwp%2Fv2%2Ftags&post=24953"}],"curies":[{"name":"wp","href":"https:\/\/api.w.org\/{rel}","templated":true}]}}